{"id":26176,"date":"2015-08-31T12:13:01","date_gmt":"2015-08-31T17:13:01","guid":{"rendered":"http:\/\/www.ambiente.gob.ec\/?p=26176"},"modified":"2015-09-01T12:26:59","modified_gmt":"2015-09-01T17:26:59","slug":"ministra-de-ambiente-inauguro-muestra-fotografica-internacional-hungry-planet-en-quito","status":"publish","type":"post","link":"https:\/\/www.ambienteyenergia.gob.ec\/ambiente\/ministra-de-ambiente-inauguro-muestra-fotografica-internacional-hungry-planet-en-quito\/","title":{"rendered":"Ministra de Ambiente inaugur\u00f3 muestra fotogr\u00e1fica internacional Hungry Planet en Quito"},"content":{"rendered":"<p style=\"text-align: justify;\">La noche de ayer el Centro Cultural Metropolitano de Quito (CCM), ubicado en las calles Garc\u00eda Moreno y Espejo, reuni\u00f3 a decenas de visitantes quienes contemplaron con asombro la muestra fotogr\u00e1fica internacional Hungry Planet (Planeta Hambriento) en la cual se observan los h\u00e1bitos alimenticios y el desmedido consumo de la poblaci\u00f3n mundial.<\/p>\n<p style=\"text-align: justify;\">La Ministra de Ambiente, Lorena Tapia, inaugur\u00f3 esta importante mustra que estar\u00e1 expuesta en el CCM hasta el 7 de septiembre. Durante su intervenci\u00f3n, la Ministra invit\u00f3 a las personas de todas las edades a presenciar la exposici\u00f3n y a preguntarse \u00bfCu\u00e1nto de lo que consumimos realmente necesitamos?<\/p>\n<p style=\"text-align: justify;\">\u201cPara el Ministerio del Ambiente es fundamental que todos nos involucremos con los temas ambientales, el consumo responsable y el reciclaje. Peque\u00f1as acciones hacen grandes cambios y \u00e9stos cambios empiezan por uno mismo\u201d, se\u00f1alo la Ministra.<\/p>\n<p style=\"text-align: justify;\">De igual manera agradeci\u00f3 al Banco Interamericano de Desarrollo (BID), entidad que don\u00f3 la muestra para su exposici\u00f3n al p\u00fablico. De su lado, Morgan Doyle, representante del BID en Ecuador, indic\u00f3 que muestras como Hungry Planet son parte de un trabajo permanente que ejecuta el BID para el desarrollo de Latinoam\u00e9rica. \u201cMe alegra mucho que el Ministerio del Ambiente haya decidido que esta muestra se presente en Ecuador y a la vez halagamos el trabajo realizado en cuanto a residuos s\u00f3lidos en el pa\u00eds\u00bb.<\/p>\n<p style=\"text-align: justify;\">Cabe destacar que el Ministerio del Ambiente, a trav\u00e9s de su Programa Nacional para la Gesti\u00f3n Integral de Desechos S\u00f3lidos (MAE-PNGIDS), realiza un trabajo coordinado con los Municipios, la empresa privada y la ciudadan\u00eda para llevar a la pr\u00e1ctica mensajes de consumo responsable, reciclaje y manejo integral de los residuos s\u00f3lidos desde su producci\u00f3n hasta su disposici\u00f3n final.<\/p>\n<p style=\"text-align: justify;\">Los datos indican que, cada persona en Ecuador genera 2 libras diarias de residuos s\u00f3lidos lo cual se traduce en 4.1 millones de toneladas de residuos anuales.<\/p>\n<p style=\"text-align: justify;\"><strong>SER PARTE DEL CAMBIO<\/strong><\/p>\n<p style=\"text-align: justify;\">Cada uno puede cambiar esta realidad a trav\u00e9s de un consumo responsable que incluye la aplicaci\u00f3n de las 4r: reducci\u00f3n, reutilizaci\u00f3n, reciclaje de residuos y rechazo de lo que genera m\u00e1s residuos; escogiendo productos amigables con el ambiente y cambiando los malos h\u00e1bitos de consumo que aportan a una mayor generaci\u00f3n de desechos y posteriormente a la contaminaci\u00f3n.<\/p>\n<p style=\"text-align: justify;\">Conoce m\u00e1s en la muestra Hungry Planet, la cual estar\u00e1 dispuesta en el Centro Cultural Metropolitano hasta el 7 de septiembre. La exposici\u00f3n incluye m\u00e1s de 50 fotograf\u00edas de familias de 24 pa\u00edses como: Ecuador, Alemania, Jap\u00f3n, China, Estados Unidos, M\u00e9xico, entre otros.<\/p>\n","protected":false},"excerpt":{"rendered":"<p class=\"excerpt\">La noche de ayer el Centro Cultural Metropolitano de Quito (CCM), ubicado en las calles Garc\u00eda Moreno y Espejo, reuni\u00f3 a decenas de visitantes quienes contemplaron con asombro la muestra fotogr\u00e1fica internacional Hungry Planet (Planeta Hambriento) en la cual se observan los h\u00e1bitos alimenticios y el desmedido consumo de la poblaci\u00f3n mundial. La Ministra de Ambiente, Lorena Tapia, inaugur\u00f3 esta&hellip; <a href=\"https:\/\/www.ambienteyenergia.gob.ec\/ambiente\/ministra-de-ambiente-inauguro-muestra-fotografica-internacional-hungry-planet-en-quito\/\">Read more &rarr;<\/a><\/p>\n","protected":false},"author":13,"featured_media":26185,"comment_status":"open","ping_status":"open","sticky":false,"template":"","format":"standard","meta":{"footnotes":""},"categories":[16,46,4],"tags":[],"class_list":["post-26176","post","type-post","status-publish","format-standard","has-post-thumbnail","hentry","category-comunicamos","category-eventos","category-noticias","xfolkentry"],"_links":{"self":[{"href":"https:\/\/www.ambienteyenergia.gob.ec\/ambiente\/wp-json\/wp\/v2\/posts\/26176","targetHints":{"allow":["GET"]}}],"collection":[{"href":"https:\/\/www.ambienteyenergia.gob.ec\/ambiente\/wp-json\/wp\/v2\/posts"}],"about":[{"href":"https:\/\/www.ambienteyenergia.gob.ec\/ambiente\/wp-json\/wp\/v2\/types\/post"}],"author":[{"embeddable":true,"href":"https:\/\/www.ambienteyenergia.gob.ec\/ambiente\/wp-json\/wp\/v2\/users\/13"}],"replies":[{"embeddable":true,"href":"https:\/\/www.ambienteyenergia.gob.ec\/ambiente\/wp-json\/wp\/v2\/comments?post=26176"}],"version-history":[{"count":0,"href":"https:\/\/www.ambienteyenergia.gob.ec\/ambiente\/wp-json\/wp\/v2\/posts\/26176\/revisions"}],"wp:featuredmedia":[{"embeddable":true,"href":"https:\/\/www.ambienteyenergia.gob.ec\/ambiente\/wp-json\/wp\/v2\/media\/26185"}],"wp:attachment":[{"href":"https:\/\/www.ambienteyenergia.gob.ec\/ambiente\/wp-json\/wp\/v2\/media?parent=26176"}],"wp:term":[{"taxonomy":"category","embeddable":true,"href":"https:\/\/www.ambienteyenergia.gob.ec\/ambiente\/wp-json\/wp\/v2\/categories?post=26176"},{"taxonomy":"post_tag","embeddable":true,"href":"https:\/\/www.ambienteyenergia.gob.ec\/ambiente\/wp-json\/wp\/v2\/tags?post=26176"}],"curies":[{"name":"wp","href":"https:\/\/api.w.org\/{rel}","templated":true}]}}