{"id":26169,"date":"2015-08-26T15:44:04","date_gmt":"2015-08-26T20:44:04","guid":{"rendered":"http:\/\/www.ambiente.gob.ec\/?p=26169"},"modified":"2015-08-27T08:05:37","modified_gmt":"2015-08-27T13:05:37","slug":"empresas-lideres-en-cuidado-del-ambiente-comparten-sus-experiencias","status":"publish","type":"post","link":"https:\/\/www.ambienteyenergia.gob.ec\/ambiente\/empresas-lideres-en-cuidado-del-ambiente-comparten-sus-experiencias\/","title":{"rendered":"Carbono Neutral, empresas l\u00edderes en cuidado ambiental comparten sus experiencias"},"content":{"rendered":"<ul>\n<li style=\"text-align: justify;\">Las empresas del sector p\u00fablico y privado que voluntariamente implementen acciones que eviten la emisi\u00f3n de gases contaminantes y que desarrollen proyectos que los compensen recibir\u00e1n el \u201cReconocimiento Ecuatoriano Ambiental Carbono Neutral\u201d.<\/li>\n<li style=\"text-align: justify;\">La empresa privada y el Estado ecuatoriano comparten la misi\u00f3n de frenar los da\u00f1os y reparar el medio ambiente.<\/li>\n<\/ul>\n<p style=\"text-align: justify;\">Directivos de las empresas Corporaci\u00f3n Favorita, Pronaca, Schulumberger del Ecuador, General Motors, Pintulac, Cervecer\u00eda Nacional, La Fabril, Confiteca, entre otras, se reunieron para compartir sus experiencias en la mejora de sus procesos productivos para reducir los gases contaminantes y la puesta en marcha de proyectos que compensen esas emisiones.<\/p>\n<p style=\"text-align: justify;\">Estas y otras compa\u00f1\u00edas como los Ingenios San Carlos y Valdez, Novopan, Mutualista Pichincha, Empresa El\u00e9ctrica Quito, Atunes Real, est\u00e1n interesadas en recibir el \u201cReconocimiento Ecuatoriano Ambiental Carbono Neutral\u201d.<\/p>\n<p style=\"text-align: justify;\">Ser una empresa carbono neutral, en estricto sentido ser\u00eda aquella que no emita gases de efecto invernadero (contaminantes). Sin embargo, se ha acordado llamar una empresa carbono neutral aquella que reduce sus emisiones e incluso las compensa con proyectos fuera de la empresa, que pueden ser re-forestaci\u00f3n, conservaci\u00f3n y restauraci\u00f3n de bosques, producci\u00f3n de energ\u00eda renovable, entre otros.<\/p>\n<p style=\"text-align: justify;\">La humanidad se enfrenta a cambios de temperaturas, grandes lluvias, sequ\u00edas, o vientos intensos producto del cambio clim\u00e1tico, que a su vez resulta de factores naturales, pero sobre todo por las actividades humanas, como la producci\u00f3n industrial, los transportes, la deforestaci\u00f3n y la agricultura. Estas actividades humanas desembocan en un incremento de las emisiones a la atm\u00f3sfera de CO2 y metano, los principales gases de efecto invernadero causantes del cambio clim\u00e1tico.<\/p>\n<p style=\"text-align: justify;\">Ser carbono neutral significa que el resultado final de una actividad productiva o provisi\u00f3n de un servicio, no haya emitido m\u00e1s gases de efecto invernadero a la atm\u00f3sfera que los que haya podido capturar o remover.<\/p>\n<p style=\"text-align: justify;\">Varias empresas ecuatorianas conscientes de ello, incorporan tecnolog\u00edas con bajas emisiones de carbono, el aprovechamiento de fuentes de energ\u00edas renovables no convencionales y el uso racional de energ\u00eda. En este encuentro compartieron las acciones concretasque realizan en sus empresas, Marcelo Chanco de la Empresa El\u00e9ctrica Quito, Adolfo Gangotena\u00a0 de General Motors (GM), Wilmer P\u00e9rez\u00a0 de Pronaca, Jessica Burbano de Cerveceria Nacional, Eduardo Y\u00e1nez de FUNDAMETZ S.A.<\/p>\n<p style=\"text-align: justify;\">Si durante la etapa de reducci\u00f3n de emisiones de gases efecto invernadero se realizan inversiones para la adquisici\u00f3n de maquinarias, equipos o tecnolog\u00edas, es posible acceder al incentivo tributario para la deducci\u00f3n adicional del 100% de la depreciaci\u00f3n y amortizaci\u00f3n a la adquisici\u00f3n de maquinarias, equipos y tecnolog\u00edas que reduzcan emisiones de gases de efecto invernadero.<\/p>\n<p style=\"text-align: justify;\">Otras empresas que se han incorporado a este proceso son; Fundametz, Propandina, Industrias L\u00e1cteas Toni, Provefarma, Novacero, Geofundaciones del Ecuador y la Asociaci\u00f3n Nacional de Cultivadores de Palma Africana (ANCUPA).<\/p>\n<p style=\"text-align: justify;\"><strong>\u00bfCu\u00e1les son los beneficios de ser Carbono Neutral?<\/strong><\/p>\n<p style=\"text-align: justify;\"><strong>Para el Sector Productivo<\/strong><\/p>\n<ul style=\"text-align: justify;\">\n<li>Mejora su competitividad e imagen corporativa.<\/li>\n<li>Logra procesos m\u00e1s eficientes con menor uso de materias primas y energ\u00eda reduce la generaci\u00f3n de desechos y emisiones; por tanto incrementa sus beneficios econ\u00f3micos.<\/li>\n<li>Facilita el acceso a incentivos tributarios para el postulante.<\/li>\n<\/ul>\n<p style=\"text-align: justify;\"><strong>Para el Consumidor<\/strong><\/p>\n<ul style=\"text-align: justify;\">\n<li>Le permite el acceso a una mayor oferta de productos y servicios de calidad, m\u00e1s eficientes y menos contaminantes.<\/li>\n<li>Tener a su disposici\u00f3n un aire m\u00e1s puro y menor contaminaci\u00f3n al agua y por tanto menores enfermedades de la gente que la consume o que inhala ese aire m\u00e1s puro.<\/li>\n<\/ul>\n<p style=\"text-align: justify;\"><strong>Para el Ambiente<\/strong><\/p>\n<ul>\n<li style=\"text-align: justify;\">Permite el uso racional de materias primas, recursos y otros insumos; ayuda a conservar los recursos naturales no renovables;<\/li>\n<li style=\"text-align: justify;\">Reduce emisiones de Gases de Efecto Invernadero;<\/li>\n<li style=\"text-align: justify;\">Incentiva la implementaci\u00f3n de actividades de conservaci\u00f3n.<\/li>\n<\/ul>\n<p>&nbsp;<\/p>\n<p>&nbsp;<\/p>\n","protected":false},"excerpt":{"rendered":"<p class=\"excerpt\">Las empresas del sector p\u00fablico y privado que voluntariamente implementen acciones que eviten la emisi\u00f3n de gases contaminantes y que desarrollen proyectos que los compensen recibir\u00e1n el \u201cReconocimiento Ecuatoriano Ambiental Carbono Neutral\u201d. La empresa privada y el Estado ecuatoriano comparten la misi\u00f3n de frenar los da\u00f1os y reparar el medio ambiente. Directivos de las empresas Corporaci\u00f3n Favorita, Pronaca, Schulumberger del&hellip; <a href=\"https:\/\/www.ambienteyenergia.gob.ec\/ambiente\/empresas-lideres-en-cuidado-del-ambiente-comparten-sus-experiencias\/\">Read more &rarr;<\/a><\/p>\n","protected":false},"author":13,"featured_media":26170,"comment_status":"open","ping_status":"open","sticky":false,"template":"","format":"standard","meta":{"footnotes":""},"categories":[16,4],"tags":[],"class_list":["post-26169","post","type-post","status-publish","format-standard","has-post-thumbnail","hentry","category-comunicamos","category-noticias","xfolkentry"],"_links":{"self":[{"href":"https:\/\/www.ambienteyenergia.gob.ec\/ambiente\/wp-json\/wp\/v2\/posts\/26169","targetHints":{"allow":["GET"]}}],"collection":[{"href":"https:\/\/www.ambienteyenergia.gob.ec\/ambiente\/wp-json\/wp\/v2\/posts"}],"about":[{"href":"https:\/\/www.ambienteyenergia.gob.ec\/ambiente\/wp-json\/wp\/v2\/types\/post"}],"author":[{"embeddable":true,"href":"https:\/\/www.ambienteyenergia.gob.ec\/ambiente\/wp-json\/wp\/v2\/users\/13"}],"replies":[{"embeddable":true,"href":"https:\/\/www.ambienteyenergia.gob.ec\/ambiente\/wp-json\/wp\/v2\/comments?post=26169"}],"version-history":[{"count":0,"href":"https:\/\/www.ambienteyenergia.gob.ec\/ambiente\/wp-json\/wp\/v2\/posts\/26169\/revisions"}],"wp:featuredmedia":[{"embeddable":true,"href":"https:\/\/www.ambienteyenergia.gob.ec\/ambiente\/wp-json\/wp\/v2\/media\/26170"}],"wp:attachment":[{"href":"https:\/\/www.ambienteyenergia.gob.ec\/ambiente\/wp-json\/wp\/v2\/media?parent=26169"}],"wp:term":[{"taxonomy":"category","embeddable":true,"href":"https:\/\/www.ambienteyenergia.gob.ec\/ambiente\/wp-json\/wp\/v2\/categories?post=26169"},{"taxonomy":"post_tag","embeddable":true,"href":"https:\/\/www.ambienteyenergia.gob.ec\/ambiente\/wp-json\/wp\/v2\/tags?post=26169"}],"curies":[{"name":"wp","href":"https:\/\/api.w.org\/{rel}","templated":true}]}}