{"id":26167,"date":"2015-08-26T13:00:51","date_gmt":"2015-08-26T18:00:51","guid":{"rendered":"http:\/\/www.ambiente.gob.ec\/?p=26167"},"modified":"2015-08-26T13:00:51","modified_gmt":"2015-08-26T18:00:51","slug":"tecnicos-accidentados-en-yasuni-fueron-rescatados-y-se-encuentran-en-buenas-condiciones","status":"publish","type":"post","link":"https:\/\/www.ambienteyenergia.gob.ec\/ambiente\/tecnicos-accidentados-en-yasuni-fueron-rescatados-y-se-encuentran-en-buenas-condiciones\/","title":{"rendered":"T\u00e9cnicos accidentados en Yasun\u00ed fueron rescatados y se encuentran en buenas condiciones"},"content":{"rendered":"<p style=\"text-align: justify;\">El Ministerio del Ambiente informa a la ciudadan\u00eda que los tres guarda parques que se accidentaron la noche del s\u00e1bado en la Parque Nacional Yasun\u00ed &#8211; PNY (en un sitio ubicado entre las poblaciones de Tarapoto y Paparagua \u2013 provincia de Pastaza), retornaron ya a sus labores cotidianas y se encuentran en buenas condiciones.<\/p>\n<p style=\"text-align: justify;\">Los t\u00e9cnicos hab\u00edan programado una salida el viernes pasado desde el Puesto de Control Fijo Ceil\u00e1n, ubicado en una zona intangible del PNY, para poder retirar unos paneles solares y sus respectivas bater\u00edas que servir\u00edan para dotar de energ\u00eda al puesto de control.<\/p>\n<p style=\"text-align: justify;\">El viaje les tomar\u00eda dos d\u00edas en canoa navegando por los r\u00edos Curaray y Villano y ten\u00edan planificado llegar el domingo hasta Paparagua para cumplir con la planificaci\u00f3n.<\/p>\n<p style=\"text-align: justify;\">Sin embargo, el s\u00e1bado en la noche tuvieron un percance cuando su embarcaci\u00f3n se volc\u00f3 en las aguas del r\u00edo Villano. Ellos lograron ponerse a salvo, recuperaron la canoa y la aseguraron pero les fue imposible continuar con el trayecto; tampoco pudieron dar aviso de lo ocurrido pues en la zona no existe conectividad.<\/p>\n<p style=\"text-align: justify;\">A pesar de que perdieron varias de sus pertenencias en el incidente lograron recuperar su carpa y bolsas de dormir, armaron un peque\u00f1o campamento y se mantuvieron en el sitio bajo los principios entregados en su entrenamiento.<\/p>\n<p style=\"text-align: justify;\">El lunes por la ma\u00f1ana se activ\u00f3 la alarma en Paparagua al ver que los t\u00e9cnicos no llegaban tal como estaba previsto e inmediatamente salieron a buscarlos. El viaje de b\u00fasqueda tom\u00f3 m\u00e1s de un d\u00eda, el martes por la tarde fueron ubicados en G\u00fcipi y trasladados hasta el Puyo en donde se corrobor\u00f3 su buen estado de salud y se reincorporaron ya a sus labores cotidianas.<\/p>\n<p>&nbsp;<\/p>\n<p>&nbsp;<\/p>\n<p>&nbsp;<\/p>\n","protected":false},"excerpt":{"rendered":"<p class=\"excerpt\">El Ministerio del Ambiente informa a la ciudadan\u00eda que los tres guarda parques que se accidentaron la noche del s\u00e1bado en la Parque Nacional Yasun\u00ed &#8211; PNY (en un sitio ubicado entre las poblaciones de Tarapoto y Paparagua \u2013 provincia de Pastaza), retornaron ya a sus labores cotidianas y se encuentran en buenas condiciones. Los t\u00e9cnicos hab\u00edan programado una salida&hellip; <a href=\"https:\/\/www.ambienteyenergia.gob.ec\/ambiente\/tecnicos-accidentados-en-yasuni-fueron-rescatados-y-se-encuentran-en-buenas-condiciones\/\">Read more &rarr;<\/a><\/p>\n","protected":false},"author":13,"featured_media":25241,"comment_status":"open","ping_status":"open","sticky":false,"template":"","format":"standard","meta":{"footnotes":""},"categories":[16,4],"tags":[],"class_list":["post-26167","post","type-post","status-publish","format-standard","has-post-thumbnail","hentry","category-comunicamos","category-noticias","xfolkentry"],"_links":{"self":[{"href":"https:\/\/www.ambienteyenergia.gob.ec\/ambiente\/wp-json\/wp\/v2\/posts\/26167","targetHints":{"allow":["GET"]}}],"collection":[{"href":"https:\/\/www.ambienteyenergia.gob.ec\/ambiente\/wp-json\/wp\/v2\/posts"}],"about":[{"href":"https:\/\/www.ambienteyenergia.gob.ec\/ambiente\/wp-json\/wp\/v2\/types\/post"}],"author":[{"embeddable":true,"href":"https:\/\/www.ambienteyenergia.gob.ec\/ambiente\/wp-json\/wp\/v2\/users\/13"}],"replies":[{"embeddable":true,"href":"https:\/\/www.ambienteyenergia.gob.ec\/ambiente\/wp-json\/wp\/v2\/comments?post=26167"}],"version-history":[{"count":0,"href":"https:\/\/www.ambienteyenergia.gob.ec\/ambiente\/wp-json\/wp\/v2\/posts\/26167\/revisions"}],"wp:featuredmedia":[{"embeddable":true,"href":"https:\/\/www.ambienteyenergia.gob.ec\/ambiente\/wp-json\/wp\/v2\/media\/25241"}],"wp:attachment":[{"href":"https:\/\/www.ambienteyenergia.gob.ec\/ambiente\/wp-json\/wp\/v2\/media?parent=26167"}],"wp:term":[{"taxonomy":"category","embeddable":true,"href":"https:\/\/www.ambienteyenergia.gob.ec\/ambiente\/wp-json\/wp\/v2\/categories?post=26167"},{"taxonomy":"post_tag","embeddable":true,"href":"https:\/\/www.ambienteyenergia.gob.ec\/ambiente\/wp-json\/wp\/v2\/tags?post=26167"}],"curies":[{"name":"wp","href":"https:\/\/api.w.org\/{rel}","templated":true}]}}