{"id":26157,"date":"2015-08-25T13:51:51","date_gmt":"2015-08-25T18:51:51","guid":{"rendered":"http:\/\/www.ambiente.gob.ec\/?p=26157"},"modified":"2015-08-25T13:51:51","modified_gmt":"2015-08-25T18:51:51","slug":"aumenta-poblacion-de-piqueros-patas-rojas-en-punta-pitt-2","status":"publish","type":"post","link":"https:\/\/www.ambienteyenergia.gob.ec\/ambiente\/aumenta-poblacion-de-piqueros-patas-rojas-en-punta-pitt-2\/","title":{"rendered":"Aumenta poblaci\u00f3n de piqueros patas rojas en Punta Pitt"},"content":{"rendered":"<p style=\"text-align: right;\"><strong>Quito, 24 de agosto del 2015<\/strong><\/p>\n<ul>\n<li>T\u00e9cnicos del Parque Nacional Gal\u00e1pagos realizan censos de las especies nativas de las islas cada dos a\u00f1os.<\/li>\n<li>Las cifras del \u00faltimo control demuestran el aumento de piqueros patas rojas que estuvieron a punto de desaparecer luego del Fen\u00f3meno del Ni\u00f1o de 1998.<\/li>\n<\/ul>\n<p style=\"text-align: justify;\">Punta Pitt, un sitio de visita ubicado en el extremo este de la isla San Crist\u00f3bal, sorprende a los t\u00e9cnicos de la Direcci\u00f3n del Parque Nacional Gal\u00e1pagos al registrar una poblaci\u00f3n de piqueros patas rojas que alcanza las 1107 aves establecidos en esta colonia (incluye adultos, juveniles y pichones), cifra nunca antes registrada.<\/p>\n<p>El censo de poblaci\u00f3n de piqueros patas rojas que es realizado por los guarda parques cada dos a\u00f1os, no hab\u00eda registrado cifras tan altas para esta especie desde 1982 cuando se comenz\u00f3 a realizar esta actividad y a\u00fan m\u00e1s despu\u00e9s del Fen\u00f3meno El Ni\u00f1o que afect\u00f3 a esta variedad en 1998, reduci\u00e9ndola a menos \u00a0de 100 individuos.<\/p>\n<p>Los esfuerzos invertidos por la autoridad ambiental en lo referente al control de especies introducidas presentes en la zona, como hormigas, roedores, gatos y cabras, ha permitido el aumento paulatino de la poblaci\u00f3n de piqueros patas rojas. En el 2011 se registraron 271; en el 2013 fueron 427 y en este a\u00f1o son 752 aves adultas censadas que se encontraban en tierra, lo que demuestra la recuperaci\u00f3n de esta ave marina nativa de Gal\u00e1pagos.<\/p>\n<p>Para el censo los guarda parques registran las coordenadas donde se encuentra el nido o el ave censada para poder realizar un seguimiento en los pr\u00f3ximos monitoreos.<\/p>\n<p>Punta Pitt es uno de los pocos lugares en el archipi\u00e9lago en el que anidan piqueros patas rojas y el \u00fanico en todo el archipi\u00e9lago en el que se puede encontrar a las tres especies de piqueros (patas rojas, patas azules y enmascarados) y las dos especies de fragatas anidando en una misma \u00e1rea.<\/p>\n<p style=\"text-align: justify;\">La raz\u00f3n por la que se encuentran las tres especies de piqueros en Punta Pitt se debe a la ubicaci\u00f3n geogr\u00e1fica que brinda suficiente alimento por lo que no hay competencia entre ellos. \u00a0Los \u00a0piqueros de patas azules anidan en el interior, los piqueros de patas rojas sobre arbustos y los enmascarados en los acantilados.<\/p>\n<p>El piquero patas rojas cuyo nombre cient\u00edfico es Sula sula es un ave marina nativa en Gal\u00e1pagos presente en las islas Santa Cruz, San Crist\u00f3bal, Isabela, Floreana, Genovesa, Darwin y Wolf, pero tambi\u00e9n distribuida a lo largo de la costa del Oc\u00e9ano Pac\u00edfico y Atl\u00e1ntico, por lo que est\u00e1 considerada como de preocupaci\u00f3n menor (LC), dentro de la lista roja de la Uni\u00f3n Internacional para la Conservaci\u00f3n de la Naturaleza (UICN).<\/p>\n","protected":false},"excerpt":{"rendered":"<p class=\"excerpt\">Quito, 24 de agosto del 2015 T\u00e9cnicos del Parque Nacional Gal\u00e1pagos realizan censos de las especies nativas de las islas cada dos a\u00f1os. Las cifras del \u00faltimo control demuestran el aumento de piqueros patas rojas que estuvieron a punto de desaparecer luego del Fen\u00f3meno del Ni\u00f1o de 1998. Punta Pitt, un sitio de visita ubicado en el extremo este de&hellip; <a href=\"https:\/\/www.ambienteyenergia.gob.ec\/ambiente\/aumenta-poblacion-de-piqueros-patas-rojas-en-punta-pitt-2\/\">Read more &rarr;<\/a><\/p>\n","protected":false},"author":13,"featured_media":26158,"comment_status":"open","ping_status":"open","sticky":false,"template":"","format":"standard","meta":{"footnotes":""},"categories":[16,4],"tags":[],"class_list":["post-26157","post","type-post","status-publish","format-standard","has-post-thumbnail","hentry","category-comunicamos","category-noticias","xfolkentry"],"_links":{"self":[{"href":"https:\/\/www.ambienteyenergia.gob.ec\/ambiente\/wp-json\/wp\/v2\/posts\/26157","targetHints":{"allow":["GET"]}}],"collection":[{"href":"https:\/\/www.ambienteyenergia.gob.ec\/ambiente\/wp-json\/wp\/v2\/posts"}],"about":[{"href":"https:\/\/www.ambienteyenergia.gob.ec\/ambiente\/wp-json\/wp\/v2\/types\/post"}],"author":[{"embeddable":true,"href":"https:\/\/www.ambienteyenergia.gob.ec\/ambiente\/wp-json\/wp\/v2\/users\/13"}],"replies":[{"embeddable":true,"href":"https:\/\/www.ambienteyenergia.gob.ec\/ambiente\/wp-json\/wp\/v2\/comments?post=26157"}],"version-history":[{"count":0,"href":"https:\/\/www.ambienteyenergia.gob.ec\/ambiente\/wp-json\/wp\/v2\/posts\/26157\/revisions"}],"wp:featuredmedia":[{"embeddable":true,"href":"https:\/\/www.ambienteyenergia.gob.ec\/ambiente\/wp-json\/wp\/v2\/media\/26158"}],"wp:attachment":[{"href":"https:\/\/www.ambienteyenergia.gob.ec\/ambiente\/wp-json\/wp\/v2\/media?parent=26157"}],"wp:term":[{"taxonomy":"category","embeddable":true,"href":"https:\/\/www.ambienteyenergia.gob.ec\/ambiente\/wp-json\/wp\/v2\/categories?post=26157"},{"taxonomy":"post_tag","embeddable":true,"href":"https:\/\/www.ambienteyenergia.gob.ec\/ambiente\/wp-json\/wp\/v2\/tags?post=26157"}],"curies":[{"name":"wp","href":"https:\/\/api.w.org\/{rel}","templated":true}]}}