{"id":26153,"date":"2015-08-25T13:14:15","date_gmt":"2015-08-25T18:14:15","guid":{"rendered":"http:\/\/www.ambiente.gob.ec\/?p=26153"},"modified":"2015-08-25T13:14:15","modified_gmt":"2015-08-25T18:14:15","slug":"estudiantes-conocieron-sobre-el-modelo-de-cambio-climatico","status":"publish","type":"post","link":"https:\/\/www.ambienteyenergia.gob.ec\/ambiente\/estudiantes-conocieron-sobre-el-modelo-de-cambio-climatico\/","title":{"rendered":"Estudiantes conocieron sobre el Modelo de Cambio Clim\u00e1tico"},"content":{"rendered":"<p style=\"text-align: justify;\">Estudiantes universitarios de Per\u00fa, Colombia, Ecuador y Bolivia fueron seleccionados para capacitarse en Cambio Clim\u00e1tico, uno de los\u00a0\u00a0temas de mayor debate a nivel mundial.<\/p>\n<p style=\"text-align: justify;\">A trav\u00e9s de varias charlas informativas, 21 estudiantes de diferentes universidades del Ecuador, participan en el proyecto \u201cModelo de Cambio Clim\u00e1tico\u201d, que tiene como objetivo fortalecer sus capacidades en diferentes temas para que adquieran mayor conocimiento sobre los retos y problemas a los que el mundo se enfrenta.<\/p>\n<p style=\"text-align: justify;\">Andr\u00e9s Mogro, especialista en Pol\u00edticas de Cambio Clim\u00e1tico del Ministerio del Ambiente, dict\u00f3 una charla para informar a los estudiantes sobre las pol\u00edticas que desde la Subsecretar\u00eda de Cambio Clim\u00e1tico se generan, como su gesti\u00f3n en el Ecuador, una visi\u00f3n general sobre las negociaciones de cambio clim\u00e1tico a nivel internacional, t\u00e9cnicas de negociaci\u00f3n, c\u00f3mo se construye una posici\u00f3n nacional para una Conferencia de las Partes (COP), entre otros.<\/p>\n<p style=\"text-align: justify;\">Para finalizar, se propici\u00f3 un debate y se respondieron dudas de los estudiantes que se preparan para el\u00a0II Modelo de Cambio Clim\u00e1tico que se llevar\u00e1 a cabo en Quito, en el mes de noviembre de 2015, como antesala a la COP 21.<\/p>\n<p style=\"text-align: justify;\"><strong>Sobre el proyecto<\/strong><\/p>\n<p style=\"text-align: justify;\">El Modelo de Cambio Clim\u00e1tico es un proyecto de la oficina de la Fundaci\u00f3n Hanns Seidel en Ecuador, Per\u00fa, Bolivia\u00a0y Colombia en colaboraci\u00f3n con sus contrapartes: Corporaci\u00f3n de Simulaciones Acad\u00e9micas (Ecuador), HUMANISMUS (Per\u00fa), JUBILEO (Bolivia) y DOMOPAZ (Colombia).<\/p>\n<p style=\"text-align: justify;\">\n","protected":false},"excerpt":{"rendered":"<p class=\"excerpt\">Estudiantes universitarios de Per\u00fa, Colombia, Ecuador y Bolivia fueron seleccionados para capacitarse en Cambio Clim\u00e1tico, uno de los\u00a0\u00a0temas de mayor debate a nivel mundial. A trav\u00e9s de varias charlas informativas, 21 estudiantes de diferentes universidades del Ecuador, participan en el proyecto \u201cModelo de Cambio Clim\u00e1tico\u201d, que tiene como objetivo fortalecer sus capacidades en diferentes temas para que adquieran mayor conocimiento&hellip; <a href=\"https:\/\/www.ambienteyenergia.gob.ec\/ambiente\/estudiantes-conocieron-sobre-el-modelo-de-cambio-climatico\/\">Read more &rarr;<\/a><\/p>\n","protected":false},"author":13,"featured_media":26154,"comment_status":"open","ping_status":"open","sticky":false,"template":"","format":"standard","meta":{"footnotes":""},"categories":[16,4],"tags":[],"class_list":["post-26153","post","type-post","status-publish","format-standard","has-post-thumbnail","hentry","category-comunicamos","category-noticias","xfolkentry"],"_links":{"self":[{"href":"https:\/\/www.ambienteyenergia.gob.ec\/ambiente\/wp-json\/wp\/v2\/posts\/26153","targetHints":{"allow":["GET"]}}],"collection":[{"href":"https:\/\/www.ambienteyenergia.gob.ec\/ambiente\/wp-json\/wp\/v2\/posts"}],"about":[{"href":"https:\/\/www.ambienteyenergia.gob.ec\/ambiente\/wp-json\/wp\/v2\/types\/post"}],"author":[{"embeddable":true,"href":"https:\/\/www.ambienteyenergia.gob.ec\/ambiente\/wp-json\/wp\/v2\/users\/13"}],"replies":[{"embeddable":true,"href":"https:\/\/www.ambienteyenergia.gob.ec\/ambiente\/wp-json\/wp\/v2\/comments?post=26153"}],"version-history":[{"count":0,"href":"https:\/\/www.ambienteyenergia.gob.ec\/ambiente\/wp-json\/wp\/v2\/posts\/26153\/revisions"}],"wp:featuredmedia":[{"embeddable":true,"href":"https:\/\/www.ambienteyenergia.gob.ec\/ambiente\/wp-json\/wp\/v2\/media\/26154"}],"wp:attachment":[{"href":"https:\/\/www.ambienteyenergia.gob.ec\/ambiente\/wp-json\/wp\/v2\/media?parent=26153"}],"wp:term":[{"taxonomy":"category","embeddable":true,"href":"https:\/\/www.ambienteyenergia.gob.ec\/ambiente\/wp-json\/wp\/v2\/categories?post=26153"},{"taxonomy":"post_tag","embeddable":true,"href":"https:\/\/www.ambienteyenergia.gob.ec\/ambiente\/wp-json\/wp\/v2\/tags?post=26153"}],"curies":[{"name":"wp","href":"https:\/\/api.w.org\/{rel}","templated":true}]}}