{"id":26152,"date":"2015-08-25T14:56:46","date_gmt":"2015-08-25T19:56:46","guid":{"rendered":"http:\/\/www.ambiente.gob.ec\/?p=26152"},"modified":"2015-08-25T14:56:46","modified_gmt":"2015-08-25T19:56:46","slug":"mae-instala-equipos-de-muestreo-para-medir-la-calidad-del-aire-en-san-antonio-de-pichincha","status":"publish","type":"post","link":"https:\/\/www.ambienteyenergia.gob.ec\/ambiente\/mae-instala-equipos-de-muestreo-para-medir-la-calidad-del-aire-en-san-antonio-de-pichincha\/","title":{"rendered":"MAE instala equipos de muestreo para medir la calidad del aire en San Antonio de Pichincha"},"content":{"rendered":"<p style=\"text-align: justify;\">Con el objetivo de monitorear la calidad del aire en zonas de influencia de actividades mineras, un equipo de peritos ambientales del Programa de Reparaci\u00f3n Ambiental y Social (PRAS) del Ministerio del Ambiente (MAE) se dirigi\u00f3 a la zona de San Antonio de Pichincha, al noroccidente de Quito, para colocar cuatro torres de muestreo que medir\u00e1n la cantidad de polvo sedimentable que llega a los poblados de Santa Clara del Com\u00fan, Catequilla, Tanlahua y Caspigas\u00ed.<\/p>\n<p style=\"text-align: justify;\">Antes de la instalaci\u00f3n de los equipos, \u00a0los t\u00e9cnicos del PRAS realizaron una inspecci\u00f3n previa en la que se determinaron los puntos m\u00e1s adecuados para la ubicaci\u00f3n de los dispositivos, tomando en cuenta la metodolog\u00eda establecida en la norma 1739-98 de la \u201cAmerican Society of Testing Materials\u201d (ASTM).<\/p>\n<p style=\"text-align: justify;\">Una de las condiciones para ubicar los puntos de muestreo es que no existan construcciones de m\u00e1s de tres metros de altura a 20 metros de los puntos de control. Tampoco deben registrarse actividades antr\u00f3picas.<\/p>\n<p style=\"text-align: justify;\">El monitoreo tiene como objeto medir la cantidad de material particulado sedimentable en un per\u00edodo de tiempo determinado. En este caso, la medici\u00f3n se realizar\u00e1 cada 30 d\u00edas durante cinco meses. Las muestras recolectadas ser\u00e1n enviadas mensualmente a un laboratorio acreditado en donde se podr\u00e1n analizar los factores que determinen la calidad del aire de la zona.<\/p>\n<p style=\"text-align: justify;\">Cabe destacar que este proceso cuenta con el apoyo de la comunidad de San Antonio de Pichincha que se ha comprometido con el cuidado y la seguridad de los equipos de muestreo.<\/p>\n<p style=\"text-align: justify;\">El Ministerio del Ambiente, a trav\u00e9s de sus programas y proyectos, fortalece la gesti\u00f3n de control de la contaminaci\u00f3n del aire a nivel nacional.<\/p>\n","protected":false},"excerpt":{"rendered":"<p class=\"excerpt\">Con el objetivo de monitorear la calidad del aire en zonas de influencia de actividades mineras, un equipo de peritos ambientales del Programa de Reparaci\u00f3n Ambiental y Social (PRAS) del Ministerio del Ambiente (MAE) se dirigi\u00f3 a la zona de San Antonio de Pichincha, al noroccidente de Quito, para colocar cuatro torres de muestreo que medir\u00e1n la cantidad de polvo&hellip; <a href=\"https:\/\/www.ambienteyenergia.gob.ec\/ambiente\/mae-instala-equipos-de-muestreo-para-medir-la-calidad-del-aire-en-san-antonio-de-pichincha\/\">Read more &rarr;<\/a><\/p>\n","protected":false},"author":13,"featured_media":26160,"comment_status":"open","ping_status":"open","sticky":false,"template":"","format":"standard","meta":{"footnotes":""},"categories":[16,4],"tags":[387],"class_list":["post-26152","post","type-post","status-publish","format-standard","has-post-thumbnail","hentry","category-comunicamos","category-noticias","tag-mae-lorena-tapia","xfolkentry"],"_links":{"self":[{"href":"https:\/\/www.ambienteyenergia.gob.ec\/ambiente\/wp-json\/wp\/v2\/posts\/26152","targetHints":{"allow":["GET"]}}],"collection":[{"href":"https:\/\/www.ambienteyenergia.gob.ec\/ambiente\/wp-json\/wp\/v2\/posts"}],"about":[{"href":"https:\/\/www.ambienteyenergia.gob.ec\/ambiente\/wp-json\/wp\/v2\/types\/post"}],"author":[{"embeddable":true,"href":"https:\/\/www.ambienteyenergia.gob.ec\/ambiente\/wp-json\/wp\/v2\/users\/13"}],"replies":[{"embeddable":true,"href":"https:\/\/www.ambienteyenergia.gob.ec\/ambiente\/wp-json\/wp\/v2\/comments?post=26152"}],"version-history":[{"count":0,"href":"https:\/\/www.ambienteyenergia.gob.ec\/ambiente\/wp-json\/wp\/v2\/posts\/26152\/revisions"}],"wp:featuredmedia":[{"embeddable":true,"href":"https:\/\/www.ambienteyenergia.gob.ec\/ambiente\/wp-json\/wp\/v2\/media\/26160"}],"wp:attachment":[{"href":"https:\/\/www.ambienteyenergia.gob.ec\/ambiente\/wp-json\/wp\/v2\/media?parent=26152"}],"wp:term":[{"taxonomy":"category","embeddable":true,"href":"https:\/\/www.ambienteyenergia.gob.ec\/ambiente\/wp-json\/wp\/v2\/categories?post=26152"},{"taxonomy":"post_tag","embeddable":true,"href":"https:\/\/www.ambienteyenergia.gob.ec\/ambiente\/wp-json\/wp\/v2\/tags?post=26152"}],"curies":[{"name":"wp","href":"https:\/\/api.w.org\/{rel}","templated":true}]}}