{"id":26148,"date":"2015-08-25T11:15:30","date_gmt":"2015-08-25T16:15:30","guid":{"rendered":"http:\/\/www.ambiente.gob.ec\/?p=26148"},"modified":"2015-08-25T12:57:59","modified_gmt":"2015-08-25T17:57:59","slug":"ministerio-del-ambiente-espera-documentacion-de-la-prefectura-de-morona-santiago-para-comenzar-el-nuevo-licenciamiento-de-la-via-ebenezer-macuma-taisha","status":"publish","type":"post","link":"https:\/\/www.ambienteyenergia.gob.ec\/ambiente\/ministerio-del-ambiente-espera-documentacion-de-la-prefectura-de-morona-santiago-para-comenzar-el-nuevo-licenciamiento-de-la-via-ebenezer-macuma-taisha\/","title":{"rendered":"Ministerio del Ambiente espera documentaci\u00f3n de la Prefectura de Morona Santiago para comenzar el nuevo licenciamiento de la v\u00eda R\u00edo Macuma &#8211; Macuma-Taisha"},"content":{"rendered":"<p style=\"text-align: right;\"><strong>Quito, 25 de agosto de 2015<\/strong><\/p>\n<ul>\n<li><strong><em>La Autoridad Ambiental Nacional ratific\u00f3 que el Gobierno Provincial NO est\u00e1 autorizado a reanudar la obra con la licencia que ya fue revocada el pasado 3 de junio del 2015; sino que debe solicitar y aprobar un nuevo permiso.<\/em><\/strong><\/li>\n<\/ul>\n<p>El Ministerio del Ambiente del Ecuador (MAE), est\u00e1 listo para que el Gobierno Provincial de Morona Santiago inicie el nuevo proceso de licenciamiento para reanudar la construcci\u00f3n de la v\u00eda R\u00edo Macuma &#8211; Macuma-Taisha.<\/p>\n<p>El pasado 3 de junio de 2015, el Ministerio revoc\u00f3 la Licencia Ambiental emitida a nombre del Gobierno Aut\u00f3nomo Descentralizado Provincial de Morona Santiago para ejecutar la v\u00eda R\u00edo Macuma &#8211; Macuma &#8211; Taisha, debido a los constantes incumplimientos de esta entidad a las normativas dispuestas por el Ministerio del Ambiente para su ejecuci\u00f3n.<\/p>\n<p>El Ministerio, en Informe T\u00e9cnico levantado el 2 de junio del 2015, evidenci\u00f3 m\u00e1s 28 no conformidades mayores de la Prefectura, a las condiciones de la licencia y su Plan de Manejo Ambiental.<\/p>\n<p>Entre las infracciones constan: no ejecutar acciones de protecci\u00f3n del bosque primario, no contar con medidas para proteger a la flora y fauna de la zona, existencia de un da\u00f1o a la cobertura vegetal en un \u00e1rea aproximada de 473 hect\u00e1reas dentro del Bosque Protector Cordillera Kutuk\u00fa y Shaimi y no realizaci\u00f3n de acciones de rescate y protecci\u00f3n del Patrimonio Cultural, entre otras infracciones graves <strong>(ver anexo detallado).<\/strong><\/p>\n<p><strong>A pesar de esa grave situaci\u00f3n, el Gobierno Nacional, a trav\u00e9s del Ministerio de Ambiente, concedi\u00f3 una oportunidad para que la Prefectura inicie un nuevo proceso de Licenciamiento Ambiental, para que esta vez se garantice que la obra se desarrolle protegiendo las fuentes agua, los \u00e1rboles y las especies.<\/strong><\/p>\n<p><strong>El MAE ratific\u00f3 que el Prefecto NO puede reanudar la ejecuci\u00f3n de la v\u00eda, porque existe una sanci\u00f3n vigente que revoc\u00f3 la licencia emitida en el 2001, una vez que se evidenciaron da\u00f1os ambientales en el proceso constructivo.<\/strong><\/p>\n<p>La Ministra dijo que el Gobierno Nacional apoya la construcci\u00f3n de la v\u00eda R\u00edo Macuma -Macuma &#8211; Taisha y que ahora es deber de los habitantes de esa zona exigir a la Prefectura que avance en el nuevo Licenciamiento para culminar la obra.<\/p>\n<p>\u201cSi la v\u00eda no se \u00a0ha terminado hasta ahora; ha sido por los constantes incumplimientos de la Ley por parte de la Prefectura; no por responsabilidad del Gobierno Nacional.<\/p>\n<p>Ahora las comunidades Shuar y Achuar deben exigir que el Prefecto acate lo conversado en la reuni\u00f3n mantenida el pasado jueves, para reanudar la construcci\u00f3n de la obra\u201d, dijo Lorena Tapia.<strong>\u00a0<\/strong><\/p>\n<p><strong>Lo que encontr\u00f3 el MAE en las inspecciones realizadas a la v\u00eda (Informe 2 de junio 2015):<\/strong><\/p>\n<p><strong>\u00a0<\/strong><\/p>\n<table width=\"439\">\n<tbody>\n<tr>\n<td rowspan=\"4\" width=\"22\">&nbsp;<\/p>\n<p>&nbsp;<\/p>\n<p>&nbsp;<\/p>\n<p>&nbsp;<\/p>\n<p>1.-<\/td>\n<td rowspan=\"4\" width=\"151\">&nbsp;<\/p>\n<p>&nbsp;<\/p>\n<p>INCUMPLIMIENTOS A LAS DISPOSICIONES DE LA AUTORIDAD AMBIENTAL NACIONAL<\/td>\n<td width=\"267\">La Prefectura no cuenta con un Plan de mitigaci\u00f3n y prevenci\u00f3n de impactos negativos a la flora y fauna.<\/td>\n<\/tr>\n<tr>\n<td width=\"267\">No determin\u00f3 t\u00e9cnicas de bajo impacto para remover la vegetaci\u00f3n y precautelar sitios de desove y anidaci\u00f3n de fauna silvestre.<\/td>\n<\/tr>\n<tr>\n<td width=\"267\">No determin\u00f3 indicadores de seguimiento para los componentes: bi\u00f3tico, abi\u00f3tico y social.<\/td>\n<\/tr>\n<tr>\n<td width=\"267\">No acogi\u00f3 la suspensi\u00f3n de la construcci\u00f3n del proyecto vial conforme lo dispuesto por el MAE mediante Oficio No. MAE-DPMS-2010-0532 del 06 de diciembre de 2010.<\/td>\n<\/tr>\n<tr>\n<td rowspan=\"2\" width=\"22\">&nbsp;<\/p>\n<p>&nbsp;<\/p>\n<p>2.-<\/td>\n<td rowspan=\"2\" width=\"151\">&nbsp;<\/p>\n<p>&nbsp;<\/p>\n<p>INCUMPLIMIENTOS A LA LICENCIA AMBIENTAL<\/td>\n<td width=\"267\">No remiti\u00f3 al MAE ning\u00fan reporte de monitoreo del cumplimiento al Plan de Manejo Ambiental.<\/td>\n<\/tr>\n<tr>\n<td width=\"267\">No entreg\u00f3 25 Cronogramas y 7 Auditor\u00edas Ambientales de Cumplimiento que permitan evaluar el cumplimiento de la normativa ambiental vigente y el adecuado manejo ambiental del proyecto, durante el periodo (2001-2014)<\/td>\n<\/tr>\n<tr>\n<td rowspan=\"16\" width=\"22\">&nbsp;<\/p>\n<p>&nbsp;<\/p>\n<p>&nbsp;<\/p>\n<p>&nbsp;<\/p>\n<p>&nbsp;<\/p>\n<p>&nbsp;<\/p>\n<p>&nbsp;<\/p>\n<p>&nbsp;<\/p>\n<p>&nbsp;<\/p>\n<p>&nbsp;<\/p>\n<p>&nbsp;<\/p>\n<p>&nbsp;<\/p>\n<p>3.-<\/td>\n<td rowspan=\"16\" width=\"151\">&nbsp;<\/p>\n<p>&nbsp;<\/p>\n<p>&nbsp;<\/p>\n<p>&nbsp;<\/p>\n<p>&nbsp;<\/p>\n<p>&nbsp;<\/p>\n<p>&nbsp;<\/p>\n<p>&nbsp;<\/p>\n<p>&nbsp;<\/p>\n<p>&nbsp;<\/p>\n<p>&nbsp;<\/p>\n<p>&nbsp;<\/p>\n<p>INCUMPLIMIENTOS AL PLAN DE MANEJO AMBIENTAL<\/td>\n<td width=\"267\">No realiz\u00f3 las indemnizaciones de predios y cultivos.<\/td>\n<\/tr>\n<tr>\n<td width=\"267\">No ejecut\u00f3 medidas de Control de la contaminaci\u00f3n por polvo, ruido y gases.<\/td>\n<\/tr>\n<tr>\n<td width=\"267\">No implement\u00f3 medidas de Control y Manejo de residuos s\u00f3lidos y l\u00edquidos.<\/td>\n<\/tr>\n<tr>\n<td width=\"267\">No ejecut\u00f3 medidas para el manejo de material proveniente del desbroce, desbosque y limpieza.<\/td>\n<\/tr>\n<tr>\n<td width=\"267\">No existe un manejo de excedentes de excavaci\u00f3n (escombreras).<\/td>\n<\/tr>\n<tr>\n<td width=\"267\">No desarroll\u00f3 medidas de Protecci\u00f3n de la Flora y Fauna.<\/td>\n<\/tr>\n<tr>\n<td width=\"267\">No se realiz\u00f3 actividades de Salud Ocupacional.<\/td>\n<\/tr>\n<tr>\n<td width=\"267\">No implement\u00f3 el establecimiento de casetas y Guardian\u00eda de Control.<\/td>\n<\/tr>\n<tr>\n<td width=\"267\">No dispuso se\u00f1alizaci\u00f3n de seguridad.<\/td>\n<\/tr>\n<tr>\n<td width=\"267\">No cuenta con un Control de Contingencias.<\/td>\n<\/tr>\n<tr>\n<td width=\"267\">No realiz\u00f3 una Manejo adecuado de la Cobertura Vegetal Durante el Desbroce.<\/td>\n<\/tr>\n<tr>\n<td width=\"267\">No implementa procesos de Recuperaci\u00f3n Paisaj\u00edstica con Especies Nativas.<\/td>\n<\/tr>\n<tr>\n<td width=\"267\">No ejecut\u00f3 acciones de Protecci\u00f3n del Bosque Primario.<\/td>\n<\/tr>\n<tr>\n<td width=\"267\">No desarrollo procedimiento de Educaci\u00f3n Ambiental.<\/td>\n<\/tr>\n<tr>\n<td width=\"267\">No cuenta con acciones de Prevenci\u00f3n de Riesgos de Accidentes, Salud Ocupacional y Protecci\u00f3n a la Comunidad.<\/td>\n<\/tr>\n<tr>\n<td width=\"267\">No realiz\u00f3 acciones de Rescate y Protecci\u00f3n del Patrimonio Cultural.<\/td>\n<\/tr>\n<tr>\n<td rowspan=\"2\" width=\"22\">&nbsp;<\/p>\n<p>&nbsp;<\/p>\n<p>&nbsp;<\/p>\n<p>&nbsp;<\/p>\n<p>4.-<\/td>\n<td rowspan=\"2\" width=\"151\">&nbsp;<\/p>\n<p>&nbsp;<\/p>\n<p>&nbsp;<\/p>\n<p>&nbsp;<\/p>\n<p>DEL COMPONENTE FORESTAL<\/td>\n<td width=\"267\">El proyecto vial intersecta con el Bosque Protector de la cordillera Kutuku y Shaimi.<\/td>\n<\/tr>\n<tr>\n<td width=\"267\">Da\u00f1o a la cobertura vegetal en un \u00e1rea aproximada de 473 hect\u00e1reas dentro del bosque protector cordillera Kutuk\u00fa y Shaimi en el per\u00edodo (2000 \u2013 2014), debido a la ejecuci\u00f3n del Proyecto vial Carretera Rio Macuma &#8211; Macuma &#8211; Taisha, lo cual se considera un da\u00f1o ambiental flagrante irreversible.<\/td>\n<\/tr>\n<\/tbody>\n<\/table>\n<p>&nbsp;<\/p>\n<p>&nbsp;<\/p>\n","protected":false},"excerpt":{"rendered":"<p class=\"excerpt\">Quito, 25 de agosto de 2015 La Autoridad Ambiental Nacional ratific\u00f3 que el Gobierno Provincial NO est\u00e1 autorizado a reanudar la obra con la licencia que ya fue revocada el pasado 3 de junio del 2015; sino que debe solicitar y aprobar un nuevo permiso. El Ministerio del Ambiente del Ecuador (MAE), est\u00e1 listo para que el Gobierno Provincial de&hellip; <a href=\"https:\/\/www.ambienteyenergia.gob.ec\/ambiente\/ministerio-del-ambiente-espera-documentacion-de-la-prefectura-de-morona-santiago-para-comenzar-el-nuevo-licenciamiento-de-la-via-ebenezer-macuma-taisha\/\">Read more &rarr;<\/a><\/p>\n","protected":false},"author":13,"featured_media":25264,"comment_status":"open","ping_status":"open","sticky":false,"template":"","format":"standard","meta":{"footnotes":""},"categories":[16,4],"tags":[],"class_list":["post-26148","post","type-post","status-publish","format-standard","has-post-thumbnail","hentry","category-comunicamos","category-noticias","xfolkentry"],"_links":{"self":[{"href":"https:\/\/www.ambienteyenergia.gob.ec\/ambiente\/wp-json\/wp\/v2\/posts\/26148","targetHints":{"allow":["GET"]}}],"collection":[{"href":"https:\/\/www.ambienteyenergia.gob.ec\/ambiente\/wp-json\/wp\/v2\/posts"}],"about":[{"href":"https:\/\/www.ambienteyenergia.gob.ec\/ambiente\/wp-json\/wp\/v2\/types\/post"}],"author":[{"embeddable":true,"href":"https:\/\/www.ambienteyenergia.gob.ec\/ambiente\/wp-json\/wp\/v2\/users\/13"}],"replies":[{"embeddable":true,"href":"https:\/\/www.ambienteyenergia.gob.ec\/ambiente\/wp-json\/wp\/v2\/comments?post=26148"}],"version-history":[{"count":0,"href":"https:\/\/www.ambienteyenergia.gob.ec\/ambiente\/wp-json\/wp\/v2\/posts\/26148\/revisions"}],"wp:featuredmedia":[{"embeddable":true,"href":"https:\/\/www.ambienteyenergia.gob.ec\/ambiente\/wp-json\/wp\/v2\/media\/25264"}],"wp:attachment":[{"href":"https:\/\/www.ambienteyenergia.gob.ec\/ambiente\/wp-json\/wp\/v2\/media?parent=26148"}],"wp:term":[{"taxonomy":"category","embeddable":true,"href":"https:\/\/www.ambienteyenergia.gob.ec\/ambiente\/wp-json\/wp\/v2\/categories?post=26148"},{"taxonomy":"post_tag","embeddable":true,"href":"https:\/\/www.ambienteyenergia.gob.ec\/ambiente\/wp-json\/wp\/v2\/tags?post=26148"}],"curies":[{"name":"wp","href":"https:\/\/api.w.org\/{rel}","templated":true}]}}