{"id":26137,"date":"2015-08-24T11:40:04","date_gmt":"2015-08-24T16:40:04","guid":{"rendered":"http:\/\/www.ambiente.gob.ec\/?p=26137"},"modified":"2015-08-24T12:01:03","modified_gmt":"2015-08-24T17:01:03","slug":"el-trafico-vehicular-en-cuenca-es-la-fuente-de-emision-mas-contaminante-del-aire","status":"publish","type":"post","link":"https:\/\/www.ambienteyenergia.gob.ec\/ambiente\/el-trafico-vehicular-en-cuenca-es-la-fuente-de-emision-mas-contaminante-del-aire\/","title":{"rendered":"El tr\u00e1fico vehicular en Cuenca es la fuente de emisi\u00f3n m\u00e1s contaminante  del aire"},"content":{"rendered":"<p style=\"text-align: justify;\">Las actividades contaminantes en Cuenca como tr\u00e1fico vehicular, las industrias, el consumo de combustibles y el incremento de la poblaci\u00f3n, generan un deterioro de la calidad de aire.<\/p>\n<p style=\"text-align: justify;\">En la zona urbana el tr\u00e1fico vehicular es la fuente m\u00e1s importante de emisi\u00f3n, a ello se suman las emisiones industriales. La Revisi\u00f3n t\u00e9cnica vehicular (RTV) de la EMOV \u2013CUENCA controla que las emisiones del parque vehicular cumplan con los l\u00edmites que establece la Legislaci\u00f3n Nacional. De acuerdo con los registros de la RTV en el primer a\u00f1o de aplicaci\u00f3n aprobaron 9261 veh\u00edculos. En el 2014 10.6085 veh\u00edculos aprobaron la RTV.<\/p>\n<p style=\"text-align: justify;\">Esta informaci\u00f3n y otros datos del monitoreo; tendencia de contaminaci\u00f3n; registro de la estaci\u00f3n autom\u00e1tica; registro de la red pasiva, concentraci\u00f3n de metales pesados en filtros de MP 10, control de la calidad de combustibles, iniciativas, convenios proyectos que contribuyen al mejoramiento de la calidad de aire se compartieron en el Foro \u201cLa Calidad de aire es vida\u201d, evento organizado por el Ministerio del Ambiente Direcci\u00f3n Provincial del Azuay, en el marco de la celebraci\u00f3n del \u201cD\u00eda Interamericano del aire\u201d<\/p>\n<p style=\"text-align: justify;\">Este foro cont\u00f3 con la participaci\u00f3n de 20 representantes de empresas del parque industrial de Cuenca.<\/p>\n<p style=\"text-align: justify;\">Gonzalo Clavijo, Gerente de la empresa Consultora CAV, panelista invitado, se refiri\u00f3 a los par\u00e1metros de control de calidad del aire en las empresas, as\u00ed como la importancia del control de la calidad del aire y ruido en la industria y los establecimientos.<\/p>\n<p style=\"text-align: justify;\">Juan Carlos Valencia, Coordinador General Zonal 6 del Ministerio del Ambiente, explic\u00f3 sobre el desarrollado de un sistema inform\u00e1tico para registrar datos de monitoreo de calidad del aire (actualmente se lo realiza por medio de Sistema \u00danico de Informaci\u00f3n Ambiental &#8211; SUIA); el establecimiento de una red de monitoreo de material particulado PM10, con el objeto de fortalecer la Gesti\u00f3n Ambiental iniciando acciones referentes a indicadores de la calidad del aire, a trav\u00e9s de la implementaci\u00f3n de equipos de monitoreo en algunas ciudades del pa\u00eds.<\/p>\n<p style=\"text-align: justify;\">De igual manera, en el foro se compartieron experiencias del Programa Nacional de Restauraci\u00f3n Forestal que plantea la recuperaci\u00f3n de los servicios ecosist\u00e9micos y el manejo sustentable de los recursos forestales.<\/p>\n<p style=\"text-align: justify;\">Seg\u00fan estudios de la Organizaci\u00f3n Mundial de la Salud, la contaminaci\u00f3n del aire causa da\u00f1os a la salud de las personas y del ambiente convirti\u00e9ndose en un inconveniente que, a trav\u00e9s de la Red de monitoreo de calidad de aire, se toma decisiones en cuanto a posibles soluciones ambientales.<\/p>\n","protected":false},"excerpt":{"rendered":"<p class=\"excerpt\">Las actividades contaminantes en Cuenca como tr\u00e1fico vehicular, las industrias, el consumo de combustibles y el incremento de la poblaci\u00f3n, generan un deterioro de la calidad de aire. En la zona urbana el tr\u00e1fico vehicular es la fuente m\u00e1s importante de emisi\u00f3n, a ello se suman las emisiones industriales. La Revisi\u00f3n t\u00e9cnica vehicular (RTV) de la EMOV \u2013CUENCA controla que&hellip; <a href=\"https:\/\/www.ambienteyenergia.gob.ec\/ambiente\/el-trafico-vehicular-en-cuenca-es-la-fuente-de-emision-mas-contaminante-del-aire\/\">Read more &rarr;<\/a><\/p>\n","protected":false},"author":13,"featured_media":26141,"comment_status":"open","ping_status":"open","sticky":false,"template":"","format":"standard","meta":{"footnotes":""},"categories":[16,4],"tags":[],"class_list":["post-26137","post","type-post","status-publish","format-standard","has-post-thumbnail","hentry","category-comunicamos","category-noticias","xfolkentry"],"_links":{"self":[{"href":"https:\/\/www.ambienteyenergia.gob.ec\/ambiente\/wp-json\/wp\/v2\/posts\/26137","targetHints":{"allow":["GET"]}}],"collection":[{"href":"https:\/\/www.ambienteyenergia.gob.ec\/ambiente\/wp-json\/wp\/v2\/posts"}],"about":[{"href":"https:\/\/www.ambienteyenergia.gob.ec\/ambiente\/wp-json\/wp\/v2\/types\/post"}],"author":[{"embeddable":true,"href":"https:\/\/www.ambienteyenergia.gob.ec\/ambiente\/wp-json\/wp\/v2\/users\/13"}],"replies":[{"embeddable":true,"href":"https:\/\/www.ambienteyenergia.gob.ec\/ambiente\/wp-json\/wp\/v2\/comments?post=26137"}],"version-history":[{"count":0,"href":"https:\/\/www.ambienteyenergia.gob.ec\/ambiente\/wp-json\/wp\/v2\/posts\/26137\/revisions"}],"wp:featuredmedia":[{"embeddable":true,"href":"https:\/\/www.ambienteyenergia.gob.ec\/ambiente\/wp-json\/wp\/v2\/media\/26141"}],"wp:attachment":[{"href":"https:\/\/www.ambienteyenergia.gob.ec\/ambiente\/wp-json\/wp\/v2\/media?parent=26137"}],"wp:term":[{"taxonomy":"category","embeddable":true,"href":"https:\/\/www.ambienteyenergia.gob.ec\/ambiente\/wp-json\/wp\/v2\/categories?post=26137"},{"taxonomy":"post_tag","embeddable":true,"href":"https:\/\/www.ambienteyenergia.gob.ec\/ambiente\/wp-json\/wp\/v2\/tags?post=26137"}],"curies":[{"name":"wp","href":"https:\/\/api.w.org\/{rel}","templated":true}]}}