{"id":26130,"date":"2015-08-24T09:57:08","date_gmt":"2015-08-24T14:57:08","guid":{"rendered":"http:\/\/www.ambiente.gob.ec\/?p=26130"},"modified":"2015-08-24T09:57:08","modified_gmt":"2015-08-24T14:57:08","slug":"tortugas-se-recuperan-en-machalilla","status":"publish","type":"post","link":"https:\/\/www.ambienteyenergia.gob.ec\/ambiente\/tortugas-se-recuperan-en-machalilla\/","title":{"rendered":"Tortugas se recuperan en Machalilla"},"content":{"rendered":"<p>Dos tortugas de especie Carey y Verde fueron encontradas varadas en las Costas de Santa Elena, las cuales fueron transportada al Centro de Rehabilitaci\u00f3n de Fauna Marina del Parque Nacional Machalilla (PNM) ubicado en la zona Norte de la playa de Puerto L\u00f3pez.<\/p>\n<p>Las tortugas fueron recuperadas por Guardaparques de la Direcci\u00f3n Provincial del Ambiente de Santa Elena, quienes hicieron el traslado de los reptiles al PNM.<\/p>\n<p>Juan Manuel Cisneros, Director Provincial del Ambiente de Manab\u00ed, se\u00f1al\u00f3 que al momento de la evaluaci\u00f3n de la tortuga Verde por parte del veterinario pudo observar que estaba deshidratada y que ten\u00eda b\u00e1lanos perforados en el cuerpo.<\/p>\n<p>En el caso, de la Tortuga Carey el diagn\u00f3stico es diferente, estaba enmallada en redes y deshidratada. Ambas est\u00e1n en cuarentena y en observaci\u00f3n por los veterinarios especialistas en vida silvestre.<\/p>\n<p>Cisneros manifest\u00f3, adem\u00e1s que las tortugas se encuentran en una piscina con agua de\u00a0mar, para que se sientan en su h\u00e1bitat, mientras dura el proceso de rehabilitaci\u00f3n.<\/p>\n<p>El funcionario detall\u00f3, que existen pron\u00f3sticos positivos para los reptiles, las esperanzas son alentadoras para su pronta recuperaci\u00f3n. \u201cSe aplicar\u00e1 un tratamiento con medicamentos y cuidados especiales. Una vez que se rehabiliten ser\u00e1n devueltas al\u00a0mar\u201d, dijo.<\/p>\n<p>El Centro de Rehabilitaci\u00f3n de Fauna Marina tiene tres a\u00f1os funcionando con el apoyo de veterinarios, guardaparques y t\u00e9cnicos de biodiversidad de la Direcci\u00f3n Provincial del Ambiente de Manab\u00ed. Adem\u00e1s, de instituciones y organizaciones que aportan al fortalecimiento del Centro, tambi\u00e9n se cuenta con la colaboraci\u00f3n de voluntarios que se suman a la labor de conservaci\u00f3n de la reserva natural.<\/p>\n<p>Hasta la fecha se han rehabilitado y reintroducido a su h\u00e1bitat 44 tortugas marinas, seis lobos marinos, y un centenar de aves marinas. Este constituye el \u00fanico Centro de Rehabilitaci\u00f3n de Fauna Marina del Ecuador.<\/p>\n","protected":false},"excerpt":{"rendered":"<p class=\"excerpt\">Dos tortugas de especie Carey y Verde fueron encontradas varadas en las Costas de Santa Elena, las cuales fueron transportada al Centro de Rehabilitaci\u00f3n de Fauna Marina del Parque Nacional Machalilla (PNM) ubicado en la zona Norte de la playa de Puerto L\u00f3pez. Las tortugas fueron recuperadas por Guardaparques de la Direcci\u00f3n Provincial del Ambiente de Santa Elena, quienes hicieron&hellip; <a href=\"https:\/\/www.ambienteyenergia.gob.ec\/ambiente\/tortugas-se-recuperan-en-machalilla\/\">Read more &rarr;<\/a><\/p>\n","protected":false},"author":13,"featured_media":26131,"comment_status":"open","ping_status":"open","sticky":false,"template":"","format":"standard","meta":{"footnotes":""},"categories":[16,4],"tags":[908,108,53,712,892,62,408],"class_list":["post-26130","post","type-post","status-publish","format-standard","has-post-thumbnail","hentry","category-comunicamos","category-noticias","tag-fauna-marina","tag-lorena-tapia","tag-mae","tag-patrimonio-natural","tag-rehabilitacion","tag-tortugas","tag-vida-silvestre","xfolkentry"],"_links":{"self":[{"href":"https:\/\/www.ambienteyenergia.gob.ec\/ambiente\/wp-json\/wp\/v2\/posts\/26130","targetHints":{"allow":["GET"]}}],"collection":[{"href":"https:\/\/www.ambienteyenergia.gob.ec\/ambiente\/wp-json\/wp\/v2\/posts"}],"about":[{"href":"https:\/\/www.ambienteyenergia.gob.ec\/ambiente\/wp-json\/wp\/v2\/types\/post"}],"author":[{"embeddable":true,"href":"https:\/\/www.ambienteyenergia.gob.ec\/ambiente\/wp-json\/wp\/v2\/users\/13"}],"replies":[{"embeddable":true,"href":"https:\/\/www.ambienteyenergia.gob.ec\/ambiente\/wp-json\/wp\/v2\/comments?post=26130"}],"version-history":[{"count":0,"href":"https:\/\/www.ambienteyenergia.gob.ec\/ambiente\/wp-json\/wp\/v2\/posts\/26130\/revisions"}],"wp:featuredmedia":[{"embeddable":true,"href":"https:\/\/www.ambienteyenergia.gob.ec\/ambiente\/wp-json\/wp\/v2\/media\/26131"}],"wp:attachment":[{"href":"https:\/\/www.ambienteyenergia.gob.ec\/ambiente\/wp-json\/wp\/v2\/media?parent=26130"}],"wp:term":[{"taxonomy":"category","embeddable":true,"href":"https:\/\/www.ambienteyenergia.gob.ec\/ambiente\/wp-json\/wp\/v2\/categories?post=26130"},{"taxonomy":"post_tag","embeddable":true,"href":"https:\/\/www.ambienteyenergia.gob.ec\/ambiente\/wp-json\/wp\/v2\/tags?post=26130"}],"curies":[{"name":"wp","href":"https:\/\/api.w.org\/{rel}","templated":true}]}}