{"id":26124,"date":"2015-08-24T08:12:44","date_gmt":"2015-08-24T13:12:44","guid":{"rendered":"http:\/\/www.ambiente.gob.ec\/?p=26124"},"modified":"2015-08-24T08:12:45","modified_gmt":"2015-08-24T13:12:45","slug":"charla-de-educacion-ambiental-y-taller-de-huertos-ecologicos-en-estero-palanqueado","status":"publish","type":"post","link":"https:\/\/www.ambienteyenergia.gob.ec\/ambiente\/charla-de-educacion-ambiental-y-taller-de-huertos-ecologicos-en-estero-palanqueado\/","title":{"rendered":"Charla de educaci\u00f3n ambiental y taller de huertos ecol\u00f3gicos en Estero Palanqueado"},"content":{"rendered":"<p>Continuando con las diferentes estrategias y actividades de educaci\u00f3n ambiental y social que el Ministerio del Ambiente, a trav\u00e9s del Proyecto de recuperaci\u00f3n de las \u00e1reas protegidas de la ciudad de Guayaquil: Estero Salado e Isla Santay (PRESIS), realiza \u00a0en los distintos ramales del Estero Salado, se desarroll\u00f3\u00a0una charla de educaci\u00f3n ambiental y taller de huertos ecol\u00f3gicos a los moradores aleda\u00f1os a Estero Palanqueado.<\/p>\n<p>En las orillas del reciente parque lineal, inaugurado por MIDUVI a finales de julio, en calles \u00a017 y H, Estero Palanqueado, tramo 5, t\u00e9cnicos del Proyecto PRESIS socializaron la importancia del adecuado manejo de desechos s\u00f3lidos con el objetivo de generar una cultura de reciclaje, protecci\u00f3n y cuidado del Estero Salado y el ambiente.<\/p>\n<p>Posteriormente, se desarroll\u00f3 el taller de huertos ecol\u00f3gicos en el cual se explic\u00f3 a los habitantes del sector, paso a paso, c\u00f3mo se los puede elaborar con materiales reciclados (botellas pl\u00e1sticas, bloques, tubos pl\u00e1sticos, gavetas de huevos, entre otros materiales).<\/p>\n<p>Personal de PRESIS dio a conocer qu\u00e9 botellas pl\u00e1sticas pueden ser utilizadas como maceteros para la siembra de acelga, br\u00f3coli, pimiento, entre otras plantas \u00a0hortalizas para ser\u00a0aprovechadas en la alimentaci\u00f3n diaria de las personas. Tambi\u00e9n se capacit\u00f3 en la mezcla de tierra de sembrado con otros abonos org\u00e1nicos (naturales) para el crecimiento de\u00a0 los vegetales y el uso de semillas para la germinaci\u00f3n de los mismos.<\/p>\n<p>\u201cMe parece fabuloso que el MAE dicte estos talleres ya que ense\u00f1an c\u00f3mo sacar provecho de materiales que nosotros cre\u00edamos que ya no \u00edbamos a utilizar. Estamos agradecidos por la ayuda brindada ya que desconoc\u00edamos c\u00f3mo se pod\u00eda realizar un huerto ecol\u00f3gico con materiales que tenemos en casa\u201d coment\u00f3 Pilar Romero cuya familia de 5 miembros estuvo muy atenta escuchando la socializaci\u00f3n.<\/p>\n<p>El taller gener\u00f3 gran inter\u00e9s en los moradores, pues estos se mostraron gustosos en la elaboraci\u00f3n de los huertos en sus domicilios y en poner en pr\u00e1ctica todo lo \u00a0aprendido en la jornada ecol\u00f3gica en Estero Palanqueado.<\/p>\n<p><strong>El dato<\/strong><\/p>\n<p>El proyecto PRESIS entre el 2014 y 2015 removi\u00f3 y realiz\u00f3 la disposici\u00f3n final de 15,000 metros c\u00fabicos de sedimento en el \u00e1rea de Estero Palanqueado-tramo 5, al suroeste de la ciudad de Guayaquil. Desde entonces la flora y fauna del sector ha mejorado paulativamente lo que ha permitido que estas aguas sean consideradas aptas para poder ba\u00f1arse.<\/p>\n","protected":false},"excerpt":{"rendered":"<p class=\"excerpt\">Continuando con las diferentes estrategias y actividades de educaci\u00f3n ambiental y social que el Ministerio del Ambiente, a trav\u00e9s del Proyecto de recuperaci\u00f3n de las \u00e1reas protegidas de la ciudad de Guayaquil: Estero Salado e Isla Santay (PRESIS), realiza \u00a0en los distintos ramales del Estero Salado, se desarroll\u00f3\u00a0una charla de educaci\u00f3n ambiental y taller de huertos ecol\u00f3gicos a los moradores&hellip; <a href=\"https:\/\/www.ambienteyenergia.gob.ec\/ambiente\/charla-de-educacion-ambiental-y-taller-de-huertos-ecologicos-en-estero-palanqueado\/\">Read more &rarr;<\/a><\/p>\n","protected":false},"author":13,"featured_media":26125,"comment_status":"open","ping_status":"open","sticky":false,"template":"","format":"standard","meta":{"footnotes":""},"categories":[16,4],"tags":[907,76,108,53,867,732],"class_list":["post-26124","post","type-post","status-publish","format-standard","has-post-thumbnail","hentry","category-comunicamos","category-noticias","tag-estero-palanqueado","tag-estero-salado","tag-lorena-tapia","tag-mae","tag-presis","tag-sgmc","xfolkentry"],"_links":{"self":[{"href":"https:\/\/www.ambienteyenergia.gob.ec\/ambiente\/wp-json\/wp\/v2\/posts\/26124","targetHints":{"allow":["GET"]}}],"collection":[{"href":"https:\/\/www.ambienteyenergia.gob.ec\/ambiente\/wp-json\/wp\/v2\/posts"}],"about":[{"href":"https:\/\/www.ambienteyenergia.gob.ec\/ambiente\/wp-json\/wp\/v2\/types\/post"}],"author":[{"embeddable":true,"href":"https:\/\/www.ambienteyenergia.gob.ec\/ambiente\/wp-json\/wp\/v2\/users\/13"}],"replies":[{"embeddable":true,"href":"https:\/\/www.ambienteyenergia.gob.ec\/ambiente\/wp-json\/wp\/v2\/comments?post=26124"}],"version-history":[{"count":0,"href":"https:\/\/www.ambienteyenergia.gob.ec\/ambiente\/wp-json\/wp\/v2\/posts\/26124\/revisions"}],"wp:featuredmedia":[{"embeddable":true,"href":"https:\/\/www.ambienteyenergia.gob.ec\/ambiente\/wp-json\/wp\/v2\/media\/26125"}],"wp:attachment":[{"href":"https:\/\/www.ambienteyenergia.gob.ec\/ambiente\/wp-json\/wp\/v2\/media?parent=26124"}],"wp:term":[{"taxonomy":"category","embeddable":true,"href":"https:\/\/www.ambienteyenergia.gob.ec\/ambiente\/wp-json\/wp\/v2\/categories?post=26124"},{"taxonomy":"post_tag","embeddable":true,"href":"https:\/\/www.ambienteyenergia.gob.ec\/ambiente\/wp-json\/wp\/v2\/tags?post=26124"}],"curies":[{"name":"wp","href":"https:\/\/api.w.org\/{rel}","templated":true}]}}