{"id":26119,"date":"2015-08-21T17:41:08","date_gmt":"2015-08-21T22:41:08","guid":{"rendered":"http:\/\/www.ambiente.gob.ec\/?p=26119"},"modified":"2015-08-21T17:41:08","modified_gmt":"2015-08-21T22:41:08","slug":"proyectos-ambientales-ecuatorianos-se-destacan-en-el-challenge-latinoamerica-2015","status":"publish","type":"post","link":"https:\/\/www.ambienteyenergia.gob.ec\/ambiente\/proyectos-ambientales-ecuatorianos-se-destacan-en-el-challenge-latinoamerica-2015\/","title":{"rendered":"Proyectos ambientales ecuatorianos se destacan en el Challenge Latinoamerica 2015"},"content":{"rendered":"<ul>\n<li>Ecuador particip\u00f3 en la reuni\u00f3n mundial para proteger el ambiente \u201cBonn Challenge Latinoamerica 2015\u201d.<\/li>\n<li>El Programa Nacional de Restauraci\u00f3n Forestal fue una de las iniciativas que Ecuador posicion\u00f3 durante el evento.<\/li>\n<\/ul>\n<p>El Desaf\u00edo Bonn Challenge Latinoamerica 2015 , es una iniciativa impulsada por los gobiernos de Alemania y Noruega, lanzada en septiembre de 2011 en la ciudad alemana de Bonn, con el objetivo de que los pa\u00edses adscritos restauren 150 millones de hect\u00e1reas alrededor del mundo hasta el a\u00f1o 2020.<\/p>\n<p>En este contexto, el Ministerio de Ambiente del Ecuador destac\u00f3 el enfoque del Programa Nacional de Restauraci\u00f3n Forestal (PNRF) mediante el cual se ha alcanzado un total de 243 convenios para la conservaci\u00f3n de 102.409,99 hect\u00e1reas (has) de bosques, plante\u00e1ndose como meta\u00a0 restaurar 500 mil hect\u00e1reas hasta al 2017.<\/p>\n<p>Por otra parte, tambi\u00e9n se mencion\u00f3 al Proyecto Socio Bosque que en el \u00faltimo a\u00f1o ha sido fortalecido mediante la entrega de incentivos econ\u00f3micos a las comunidades, a campesinos y nacionalidades ind\u00edgenas a nivel nacional, con esto se ha beneficiado aproximadamente a 171.560 ciudadanos, comprometiendo alrededor de un mill\u00f3n 500 mil hect\u00e1reas bajo la modalidad de conservaci\u00f3n de bosque nativo.<\/p>\n<p>\u00a8La experiencia y resultados alcanzados por esta Cartera de Estado respecto a mecanismos para la restauraci\u00f3n de ecosistemas son esenciales para fortalecer las acciones a nivel regional\u00a8 afirm\u00f3 la representante de Uni\u00f3n Internacional para la Conservaci\u00f3n de la Naturaleza (UICN) durante su moderaci\u00f3n en el dialogo que se mantuvo en el marco del Bonn Challenge Latinoamerica.<\/p>\n<p>La reuni\u00f3n mundial para proteger el ambiente se desarroll\u00f3 el pasado 20 de agosto en la ciudad de San Salvador, con la presencia de Ministros y delegados de Alto Nivel de los Ministerio de Ambiente de Am\u00e9rica Latina y Caribe, Alemania, Noruega, Liberia e Indonesia, as\u00ed como representantes de Global Partnership on Forest Landscape Restoration (GPFLR), Center for International Forestry Research (CIFOR), la Uni\u00f3n Internacional para la Conservaci\u00f3n de la Naturaleza (IUCN), World Resources Institute (WRI), la Agencia Alemana de Cooperaci\u00f3n T\u00e9cnica (GIZ), USAID, PNUD, Banco Mundial y el Banco Centroamericano de Integraci\u00f3n Econ\u00f3mica (BCIE).<\/p>\n<p>Durante el dialogo Ministerial, el MAE precis\u00f3 que \u201cLa cooperaci\u00f3n internacional debe alinearse a las acciones de conservaci\u00f3n y restauraci\u00f3n que cada Estado ha escogido, evitando la dispersi\u00f3n de los recursos en otras actividades\u201d.<\/p>\n<p>Los Ministros y delegados de Alto Nivel presentes hicieron eco de las puntualizaciones del Ecuador, acordando que lo abordado se incluir\u00e1 en las conversaciones del Sistema de la Integraci\u00f3n Centroamericana (SICA) y Comunidad de Estados Latinoamericanos y Caribe\u00f1os (CELAC).<\/p>\n","protected":false},"excerpt":{"rendered":"<p class=\"excerpt\">Ecuador particip\u00f3 en la reuni\u00f3n mundial para proteger el ambiente \u201cBonn Challenge Latinoamerica 2015\u201d. El Programa Nacional de Restauraci\u00f3n Forestal fue una de las iniciativas que Ecuador posicion\u00f3 durante el evento. El Desaf\u00edo Bonn Challenge Latinoamerica 2015 , es una iniciativa impulsada por los gobiernos de Alemania y Noruega, lanzada en septiembre de 2011 en la ciudad alemana de Bonn,&hellip; <a href=\"https:\/\/www.ambienteyenergia.gob.ec\/ambiente\/proyectos-ambientales-ecuatorianos-se-destacan-en-el-challenge-latinoamerica-2015\/\">Read more &rarr;<\/a><\/p>\n","protected":false},"author":13,"featured_media":26120,"comment_status":"open","ping_status":"open","sticky":false,"template":"","format":"standard","meta":{"footnotes":""},"categories":[16,4],"tags":[903,904,108,53,712,459,52],"class_list":["post-26119","post","type-post","status-publish","format-standard","has-post-thumbnail","hentry","category-comunicamos","category-noticias","tag-bonn","tag-challenge-latinoamerica-2015","tag-lorena-tapia","tag-mae","tag-patrimonio-natural","tag-restauracion-forestal","tag-socio-bosque","xfolkentry"],"_links":{"self":[{"href":"https:\/\/www.ambienteyenergia.gob.ec\/ambiente\/wp-json\/wp\/v2\/posts\/26119","targetHints":{"allow":["GET"]}}],"collection":[{"href":"https:\/\/www.ambienteyenergia.gob.ec\/ambiente\/wp-json\/wp\/v2\/posts"}],"about":[{"href":"https:\/\/www.ambienteyenergia.gob.ec\/ambiente\/wp-json\/wp\/v2\/types\/post"}],"author":[{"embeddable":true,"href":"https:\/\/www.ambienteyenergia.gob.ec\/ambiente\/wp-json\/wp\/v2\/users\/13"}],"replies":[{"embeddable":true,"href":"https:\/\/www.ambienteyenergia.gob.ec\/ambiente\/wp-json\/wp\/v2\/comments?post=26119"}],"version-history":[{"count":0,"href":"https:\/\/www.ambienteyenergia.gob.ec\/ambiente\/wp-json\/wp\/v2\/posts\/26119\/revisions"}],"wp:featuredmedia":[{"embeddable":true,"href":"https:\/\/www.ambienteyenergia.gob.ec\/ambiente\/wp-json\/wp\/v2\/media\/26120"}],"wp:attachment":[{"href":"https:\/\/www.ambienteyenergia.gob.ec\/ambiente\/wp-json\/wp\/v2\/media?parent=26119"}],"wp:term":[{"taxonomy":"category","embeddable":true,"href":"https:\/\/www.ambienteyenergia.gob.ec\/ambiente\/wp-json\/wp\/v2\/categories?post=26119"},{"taxonomy":"post_tag","embeddable":true,"href":"https:\/\/www.ambienteyenergia.gob.ec\/ambiente\/wp-json\/wp\/v2\/tags?post=26119"}],"curies":[{"name":"wp","href":"https:\/\/api.w.org\/{rel}","templated":true}]}}