{"id":26116,"date":"2015-08-21T17:10:31","date_gmt":"2015-08-21T22:10:31","guid":{"rendered":"http:\/\/www.ambiente.gob.ec\/?p=26116"},"modified":"2015-08-24T16:27:38","modified_gmt":"2015-08-24T21:27:38","slug":"nuevas-estrategias-de-monitoreo-a-mamiferos-marinos-se-implementara-en-ecuador","status":"publish","type":"post","link":"https:\/\/www.ambienteyenergia.gob.ec\/ambiente\/nuevas-estrategias-de-monitoreo-a-mamiferos-marinos-se-implementara-en-ecuador\/","title":{"rendered":"Nuevas estrategias de monitoreo a mam\u00edferos marinos se implementar\u00e1 en Ecuador"},"content":{"rendered":"<ul>\n<li><em>T\u00e9cnicos del Ministerio del Ambiente fortalecen sus conocimientos mediante el Curso Internacional de Entrenamiento para monitorear a mam\u00edferos marinos.<\/em><\/li>\n<li><em>Encuentro realizado en Salinas, permite que pa\u00edses de la regi\u00f3n fortalezcan v\u00ednculos de cooperaci\u00f3n para la conservaci\u00f3n de especies.<\/em><\/li>\n<\/ul>\n<p style=\"text-align: justify;\">A fin de promover la conservaci\u00f3n de todas las especies de mam\u00edferos marinos en la regi\u00f3n expertos de Colombia, Per\u00fa y Chile llegaron a Ecuador para compartir sus conocimientos y experiencias en temas de monitoreo de estos espec\u00edmenes que han permitido una mejor forma de recolectar informaci\u00f3n sobre ellos.<\/p>\n<p style=\"text-align: justify;\">El Curso Internacional de Entrenamiento estuvo a cargo de la Secretaria Ejecutiva del Plan de Acci\u00f3n para la Protecci\u00f3n del Medio Marino y \u00c1reas Costeras del Pac\u00edfico Sudeste en el marco de la cooperaci\u00f3n entre la Comisi\u00f3n Permanente del Pac\u00edfico Sur (CPPS) y la Agencia Nacional para el Oc\u00e9ano y la Atm\u00f3sfera de Estados Unidos; y, se realiz\u00f3 en la ciudad de Salinas del 18 al 20 de agosto.<\/p>\n<p style=\"text-align: justify;\">La capacitaci\u00f3n fue dirigida a 20 t\u00e9cnicos de la Subsecretaria de Gesti\u00f3n Marina y Costera del Ministerio de Ambiente del Ecuador (MAE) quienes cumplieron con el aprendizaje de dos m\u00f3dulos. La parte te\u00f3rica centrada en el Plan de Acci\u00f3n para la Conservaci\u00f3n de los mam\u00edferos marinos en el Pac\u00edfico Sudeste y la parte practica que se realiz\u00f3 en la Reserva de Producci\u00f3n de Fauna Pen\u00ednsula de Santa Elena.<\/p>\n<p style=\"text-align: justify;\">Este encuentro tuvo como finalidad:<\/p>\n<ul style=\"text-align: justify;\">\n<li>Capacitar a investigadores de mam\u00edferos marinos sobre las mejores pr\u00e1cticas para colectar datos sobre abundancia poblacional.<\/li>\n<li>Promover la investigaci\u00f3n de mam\u00edferos marinos con un enfoque regional, la estandarizaci\u00f3n de t\u00e9cnicas de monitoreo y la compartici\u00f3n de datos.<\/li>\n<li>Fortalecer los v\u00ednculos de cooperaci\u00f3n con investigadores con amplia experiencia en evaluaciones poblacionales de mam\u00edferos marinos en el Pac\u00edfico Oriental.<\/li>\n<li>Definir los requerimientos b\u00e1sicos para la creaci\u00f3n de un programa regional a largo plazo para evaluar las poblaciones de mam\u00edferos marinos en el Pac\u00edfico Sudeste.<\/li>\n<\/ul>\n<p style=\"text-align: justify;\">De esta forma el Ministerio del Ambiente refuerza las capacidades de su personal con el fin de dise\u00f1ar programas de monitoreo en aguas de jurisdicciones ecuatorianas que permitan la conservaci\u00f3n de mam\u00edferos marinos. \/\/MH<\/p>\n<p>&nbsp;<\/p>\n","protected":false},"excerpt":{"rendered":"<p class=\"excerpt\">T\u00e9cnicos del Ministerio del Ambiente fortalecen sus conocimientos mediante el Curso Internacional de Entrenamiento para monitorear a mam\u00edferos marinos. Encuentro realizado en Salinas, permite que pa\u00edses de la regi\u00f3n fortalezcan v\u00ednculos de cooperaci\u00f3n para la conservaci\u00f3n de especies. A fin de promover la conservaci\u00f3n de todas las especies de mam\u00edferos marinos en la regi\u00f3n expertos de Colombia, Per\u00fa y Chile&hellip; <a href=\"https:\/\/www.ambienteyenergia.gob.ec\/ambiente\/nuevas-estrategias-de-monitoreo-a-mamiferos-marinos-se-implementara-en-ecuador\/\">Read more &rarr;<\/a><\/p>\n","protected":false},"author":13,"featured_media":26117,"comment_status":"open","ping_status":"open","sticky":false,"template":"","format":"standard","meta":{"footnotes":""},"categories":[16,4],"tags":[],"class_list":["post-26116","post","type-post","status-publish","format-standard","has-post-thumbnail","hentry","category-comunicamos","category-noticias","xfolkentry"],"_links":{"self":[{"href":"https:\/\/www.ambienteyenergia.gob.ec\/ambiente\/wp-json\/wp\/v2\/posts\/26116","targetHints":{"allow":["GET"]}}],"collection":[{"href":"https:\/\/www.ambienteyenergia.gob.ec\/ambiente\/wp-json\/wp\/v2\/posts"}],"about":[{"href":"https:\/\/www.ambienteyenergia.gob.ec\/ambiente\/wp-json\/wp\/v2\/types\/post"}],"author":[{"embeddable":true,"href":"https:\/\/www.ambienteyenergia.gob.ec\/ambiente\/wp-json\/wp\/v2\/users\/13"}],"replies":[{"embeddable":true,"href":"https:\/\/www.ambienteyenergia.gob.ec\/ambiente\/wp-json\/wp\/v2\/comments?post=26116"}],"version-history":[{"count":0,"href":"https:\/\/www.ambienteyenergia.gob.ec\/ambiente\/wp-json\/wp\/v2\/posts\/26116\/revisions"}],"wp:featuredmedia":[{"embeddable":true,"href":"https:\/\/www.ambienteyenergia.gob.ec\/ambiente\/wp-json\/wp\/v2\/media\/26117"}],"wp:attachment":[{"href":"https:\/\/www.ambienteyenergia.gob.ec\/ambiente\/wp-json\/wp\/v2\/media?parent=26116"}],"wp:term":[{"taxonomy":"category","embeddable":true,"href":"https:\/\/www.ambienteyenergia.gob.ec\/ambiente\/wp-json\/wp\/v2\/categories?post=26116"},{"taxonomy":"post_tag","embeddable":true,"href":"https:\/\/www.ambienteyenergia.gob.ec\/ambiente\/wp-json\/wp\/v2\/tags?post=26116"}],"curies":[{"name":"wp","href":"https:\/\/api.w.org\/{rel}","templated":true}]}}