{"id":26102,"date":"2015-08-21T13:15:50","date_gmt":"2015-08-21T18:15:50","guid":{"rendered":"http:\/\/www.ambiente.gob.ec\/?p=26102"},"modified":"2015-08-21T13:15:50","modified_gmt":"2015-08-21T18:15:50","slug":"5-paises-amazonicos-seran-escenario-de-trabajo-para-fortalecer-la-gestion-de-areas-protegidas-fronterizas","status":"publish","type":"post","link":"https:\/\/www.ambienteyenergia.gob.ec\/ambiente\/5-paises-amazonicos-seran-escenario-de-trabajo-para-fortalecer-la-gestion-de-areas-protegidas-fronterizas\/","title":{"rendered":"5 pa\u00edses amaz\u00f3nicos ser\u00e1n escenario de trabajo para fortalecer la gesti\u00f3n de \u00c1reas Protegidas fronterizas"},"content":{"rendered":"<p class=\"western\" lang=\"es-MX\" align=\"JUSTIFY\"><span style=\"font-family: Arial, sans-serif;\"><span style=\"font-size: medium;\"><i>El proyecto de Integraci\u00f3n de las \u00c1reas Protegidas del Bioma Amaz\u00f3nico (IAPA), llevar\u00e1 a cabo acciones de incidencia regional en gobernanza, sostenibilidad financiera y manejo efectivo de las \u00e1reas protegidas.<\/i><\/span><\/span><\/p>\n<p class=\"western\" lang=\"es-MX\" align=\"JUSTIFY\"><span style=\"font-family: Arial, sans-serif;\"><span style=\"font-size: medium;\">Ayer<\/span><\/span><span style=\"font-family: Arial, sans-serif;\"><span style=\"font-size: medium;\">, en la ciudad de Lima, Per\u00fa,<\/span><\/span> <span style=\"font-family: Arial, sans-serif;\"><span style=\"font-size: medium;\">d<\/span><\/span><span style=\"font-family: Arial, sans-serif;\"><span style=\"font-size: medium;\">irectores y representantes de los Sistemas de \u00c1reas Protegidas de 8 pa\u00edses amaz\u00f3nicos, definieron durante una reuni\u00f3n extraordinaria del Consejo de la Redparques<\/span><\/span><span style=\"color: #000000;\"><span style=\"font-family: Arial, sans-serif;\"><span style=\"font-size: medium;\">,<\/span><\/span><\/span><span style=\"font-family: Arial, sans-serif;\"><span style=\"font-size: medium;\"> los dos paisajes con mayores oportunidades de conservaci\u00f3n en el bioma amaz\u00f3nico, para poner en marcha el Plan de Acci\u00f3n de la IAPA Visi\u00f3n amaz\u00f3nica e incrementar la participaci\u00f3n de pueblos ind\u00edgenas, comunidades y autoridades ambientales locales en la gesti\u00f3n coordinada de las \u00e1reas protegidas involucradas.<\/span><\/span><\/p>\n<p class=\"western\" lang=\"es-MX\" align=\"JUSTIFY\"><span style=\"font-family: Arial, sans-serif;\"><span style=\"font-size: medium;\">El primer paisaje definido se encuentra entre La Paya, G\u00fcepp\u00ed y Cuyabeno, \u00e1reas protegidas localizadas en Colombia, Per\u00fa y Ecuador respectivamente y el segundo, entre Acre, Bahuaja-Sonene y Madidi localizadas en las fronteras de Brasil, Per\u00fa y Bolivia.<\/span><\/span><\/p>\n<p class=\"western\" lang=\"es-MX\" align=\"JUSTIFY\"><span style=\"font-family: Arial, sans-serif;\"><span style=\"font-size: medium;\">Los resultados y las lecciones aprendidas que se obtengan durante este proceso ser\u00e1n replicados en todos los pa\u00edses que conforman el bioma amaz\u00f3nico, permitiendo fortalecer la coordinaci\u00f3n de acciones entorno a todas las \u00e1reas protegidas de la regi\u00f3n.<\/span><\/span><\/p>\n<p class=\"western\" lang=\"es-MX\" align=\"JUSTIFY\"><span style=\"font-family: Arial, sans-serif;\"><span style=\"font-size: medium;\">La elecci\u00f3n de estos territorios fue posible gracias al desarrollo de un an\u00e1lisis de vulnerabilidad del bioma amaz\u00f3nico liderado por WWF, y cont\u00f3 con la participaci\u00f3n activa de t\u00e9cnicos y directivos de los pa\u00edses amaz\u00f3nicos y de las organizaciones socias del proyecto.<\/span><\/span><\/p>\n<p class=\"western\" lang=\"es-MX\" align=\"JUSTIFY\"><span style=\"font-family: Arial, sans-serif;\"><span style=\"font-size: medium;\">El an\u00e1lisis utiliz\u00f3 criterios ecol\u00f3gicos, clim\u00e1ticos, socioculturales, pol\u00edticos y econ\u00f3micos para la identificaci\u00f3n de estos dos paisajes prioritarios de conservaci\u00f3n.<\/span><\/span><\/p>\n<p class=\"western\" lang=\"es-MX\" align=\"JUSTIFY\"><span style=\"font-family: Arial, sans-serif;\"><span style=\"font-size: medium;\">El proyecto IAPA (Visi\u00f3n Amaz\u00f3nica) es financiado por la Uni\u00f3n Europea, coordinado por la Organizaci\u00f3n de Naciones Unidas para la Alimentaci\u00f3n y la Agricultura (FAO) e implementado en conjunto con WWF, la Uni\u00f3n Internacional para la Conservaci\u00f3n de la Naturaleza (UICN), el Programa de las Naciones Unidas para el Medio Ambiente (PNUMA) y Redparques.<\/span><\/span><\/p>\n","protected":false},"excerpt":{"rendered":"<p class=\"excerpt\">El proyecto de Integraci\u00f3n de las \u00c1reas Protegidas del Bioma Amaz\u00f3nico (IAPA), llevar\u00e1 a cabo acciones de incidencia regional en gobernanza, sostenibilidad financiera y manejo efectivo de las \u00e1reas protegidas. Ayer, en la ciudad de Lima, Per\u00fa, directores y representantes de los Sistemas de \u00c1reas Protegidas de 8 pa\u00edses amaz\u00f3nicos, definieron durante una reuni\u00f3n extraordinaria del Consejo de la Redparques,&hellip; <a href=\"https:\/\/www.ambienteyenergia.gob.ec\/ambiente\/5-paises-amazonicos-seran-escenario-de-trabajo-para-fortalecer-la-gestion-de-areas-protegidas-fronterizas\/\">Read more &rarr;<\/a><\/p>\n","protected":false},"author":13,"featured_media":26103,"comment_status":"open","ping_status":"open","sticky":false,"template":"","format":"standard","meta":{"footnotes":""},"categories":[16,4],"tags":[147,108,53],"class_list":["post-26102","post","type-post","status-publish","format-standard","has-post-thumbnail","hentry","category-comunicamos","category-noticias","tag-areas-protegidas-2","tag-lorena-tapia","tag-mae","xfolkentry"],"_links":{"self":[{"href":"https:\/\/www.ambienteyenergia.gob.ec\/ambiente\/wp-json\/wp\/v2\/posts\/26102","targetHints":{"allow":["GET"]}}],"collection":[{"href":"https:\/\/www.ambienteyenergia.gob.ec\/ambiente\/wp-json\/wp\/v2\/posts"}],"about":[{"href":"https:\/\/www.ambienteyenergia.gob.ec\/ambiente\/wp-json\/wp\/v2\/types\/post"}],"author":[{"embeddable":true,"href":"https:\/\/www.ambienteyenergia.gob.ec\/ambiente\/wp-json\/wp\/v2\/users\/13"}],"replies":[{"embeddable":true,"href":"https:\/\/www.ambienteyenergia.gob.ec\/ambiente\/wp-json\/wp\/v2\/comments?post=26102"}],"version-history":[{"count":0,"href":"https:\/\/www.ambienteyenergia.gob.ec\/ambiente\/wp-json\/wp\/v2\/posts\/26102\/revisions"}],"wp:featuredmedia":[{"embeddable":true,"href":"https:\/\/www.ambienteyenergia.gob.ec\/ambiente\/wp-json\/wp\/v2\/media\/26103"}],"wp:attachment":[{"href":"https:\/\/www.ambienteyenergia.gob.ec\/ambiente\/wp-json\/wp\/v2\/media?parent=26102"}],"wp:term":[{"taxonomy":"category","embeddable":true,"href":"https:\/\/www.ambienteyenergia.gob.ec\/ambiente\/wp-json\/wp\/v2\/categories?post=26102"},{"taxonomy":"post_tag","embeddable":true,"href":"https:\/\/www.ambienteyenergia.gob.ec\/ambiente\/wp-json\/wp\/v2\/tags?post=26102"}],"curies":[{"name":"wp","href":"https:\/\/api.w.org\/{rel}","templated":true}]}}