{"id":26093,"date":"2015-08-20T16:00:38","date_gmt":"2015-08-20T21:00:38","guid":{"rendered":"http:\/\/www.ambiente.gob.ec\/?p=26093"},"modified":"2015-08-20T16:00:38","modified_gmt":"2015-08-20T21:00:38","slug":"santay-se-llenara-de-cometas-este-fin-de-semana","status":"publish","type":"post","link":"https:\/\/www.ambienteyenergia.gob.ec\/ambiente\/santay-se-llenara-de-cometas-este-fin-de-semana\/","title":{"rendered":"Santay se llenar\u00e1 de cometas este fin de semana"},"content":{"rendered":"<p style=\"text-align: justify;\">El Ministerio del Ambiente a trav\u00e9s de la administraci\u00f3n del \u00c1rea Nacional de Recreaci\u00f3n Isla Santay e Isla del Gallo y el GAD de Dur\u00e1n realizar\u00e1 este s\u00e1bado 22 de agosto a partir de las 12:00, el Festival de la Cometa.<\/p>\n<p style=\"text-align: justify;\">La actividad se efectuar\u00e1 en los dos puentes que unen al \u00e1rea protegida Santay; Guayaquil y Dur\u00e1n. Se busca que la ciudadan\u00eda en general asista con sus cometas y que este evento sea un espacio de encuentro y recreaci\u00f3n para familia y amigos.<\/p>\n<p style=\"text-align: justify;\">Adem\u00e1s los asistentes al programa podr\u00e1n participar en los siguientes concursos: cometa m\u00e1s grande (primer lugar), la que vuele m\u00e1s alto (segundo lugar) y la mejor dise\u00f1ada (tercer lugar). Para esta \u00faltima se tomar\u00e1 en cuenta que sea realizada con materiales ecol\u00f3gicos.<\/p>\n<p style=\"text-align: justify;\">Entre los premios a entregar est\u00e1 el de pasar una noche en las caba\u00f1as de Isla Santay, paseo en lancha alrededor del \u00e1rea protegida y muchos otros premios.<\/p>\n","protected":false},"excerpt":{"rendered":"<p class=\"excerpt\">El Ministerio del Ambiente a trav\u00e9s de la administraci\u00f3n del \u00c1rea Nacional de Recreaci\u00f3n Isla Santay e Isla del Gallo y el GAD de Dur\u00e1n realizar\u00e1 este s\u00e1bado 22 de agosto a partir de las 12:00, el Festival de la Cometa. La actividad se efectuar\u00e1 en los dos puentes que unen al \u00e1rea protegida Santay; Guayaquil y Dur\u00e1n. Se busca&hellip; <a href=\"https:\/\/www.ambienteyenergia.gob.ec\/ambiente\/santay-se-llenara-de-cometas-este-fin-de-semana\/\">Read more &rarr;<\/a><\/p>\n","protected":false},"author":13,"featured_media":26094,"comment_status":"open","ping_status":"open","sticky":false,"template":"","format":"standard","meta":{"footnotes":""},"categories":[16,4],"tags":[],"class_list":["post-26093","post","type-post","status-publish","format-standard","has-post-thumbnail","hentry","category-comunicamos","category-noticias","xfolkentry"],"_links":{"self":[{"href":"https:\/\/www.ambienteyenergia.gob.ec\/ambiente\/wp-json\/wp\/v2\/posts\/26093","targetHints":{"allow":["GET"]}}],"collection":[{"href":"https:\/\/www.ambienteyenergia.gob.ec\/ambiente\/wp-json\/wp\/v2\/posts"}],"about":[{"href":"https:\/\/www.ambienteyenergia.gob.ec\/ambiente\/wp-json\/wp\/v2\/types\/post"}],"author":[{"embeddable":true,"href":"https:\/\/www.ambienteyenergia.gob.ec\/ambiente\/wp-json\/wp\/v2\/users\/13"}],"replies":[{"embeddable":true,"href":"https:\/\/www.ambienteyenergia.gob.ec\/ambiente\/wp-json\/wp\/v2\/comments?post=26093"}],"version-history":[{"count":0,"href":"https:\/\/www.ambienteyenergia.gob.ec\/ambiente\/wp-json\/wp\/v2\/posts\/26093\/revisions"}],"wp:featuredmedia":[{"embeddable":true,"href":"https:\/\/www.ambienteyenergia.gob.ec\/ambiente\/wp-json\/wp\/v2\/media\/26094"}],"wp:attachment":[{"href":"https:\/\/www.ambienteyenergia.gob.ec\/ambiente\/wp-json\/wp\/v2\/media?parent=26093"}],"wp:term":[{"taxonomy":"category","embeddable":true,"href":"https:\/\/www.ambienteyenergia.gob.ec\/ambiente\/wp-json\/wp\/v2\/categories?post=26093"},{"taxonomy":"post_tag","embeddable":true,"href":"https:\/\/www.ambienteyenergia.gob.ec\/ambiente\/wp-json\/wp\/v2\/tags?post=26093"}],"curies":[{"name":"wp","href":"https:\/\/api.w.org\/{rel}","templated":true}]}}