{"id":26086,"date":"2015-08-19T12:00:46","date_gmt":"2015-08-19T17:00:46","guid":{"rendered":"http:\/\/www.ambiente.gob.ec\/?p=26086"},"modified":"2015-08-19T12:06:24","modified_gmt":"2015-08-19T17:06:24","slug":"pras-realiza-inspeccion-en-la-concesion-minera-fucusucu-iii","status":"publish","type":"post","link":"https:\/\/www.ambienteyenergia.gob.ec\/ambiente\/pras-realiza-inspeccion-en-la-concesion-minera-fucusucu-iii\/","title":{"rendered":"PRAS realiza inspecci\u00f3n en la concesi\u00f3n minera Fucusucu III"},"content":{"rendered":"<p style=\"text-align: justify;\">Un equipo multidisciplinario del Programa de Reparaci\u00f3n Ambiental y Social (PRAS) del Ministerio de Ambiente del Ecuador (MAE), llev\u00f3 a cabo una inspecci\u00f3n en las instalaciones de la concesi\u00f3n minera Fucusucu III ubicado en San Antonio de Pichincha, al extremo norte de Quito; con el fin de obtener informaci\u00f3n t\u00e9cnica del proceso de extracci\u00f3n, as\u00ed como del plan de manejo ambiental que garantice un trabajo responsable en este campo.<\/p>\n<p style=\"text-align: justify;\">Es as\u00ed que t\u00e9cnicos del MAE realizaron un recorrido por el \u00e1rea de influencia para conocer el estado actual de la zona. Por su parte, el asesor t\u00e9cnico minero de la concesi\u00f3n Fucusucu III proporcion\u00f3 datos sobre el costo y el tiempo en el que tienen previsto realizar las labores de estabilizaci\u00f3n y remediaci\u00f3n de un talud de 120 metros de altura.<\/p>\n<p style=\"text-align: justify;\">Mediante esta inspecci\u00f3n se identific\u00f3 la necesidad de que la concesionaria minera realice un dise\u00f1o de estabilizaci\u00f3n del talud junto con el \u00e1rea minera contigua El Guabo; para lo cual, los t\u00e9cnicos del PRAS recomendaron realizar un levantamiento de informaci\u00f3n topogr\u00e1fica por hect\u00e1rea para definir los costos de minado y operaci\u00f3n, as\u00ed como el avance diario de extracci\u00f3n minera.<\/p>\n<p style=\"text-align: justify;\">Los datos obtenidos por el PRAS servir\u00e1n para la elaboraci\u00f3n de una propuesta de estabilizaci\u00f3n del talud y de remediaci\u00f3n de las \u00e1reas afectadas por los trabajos mineros en el marco de los Lineamientos para la Restauraci\u00f3n Subsidiaria de Pasivos Ambientales de Origen Minero en el Sector de San Antonio de Pichincha (Caspigas\u00ed, Tanlahua y Catequilla).<\/p>\n<p style=\"text-align: justify;\">El Ministerio del Ambiente ejecuta constantemente inspecciones de control a los diversos proyectos mineros a nivel nacional; con el objetivo de velar por el cumplimiento del Plan de Manejo Ambiental y de notificar a los mineros que a\u00fan no cuentan con el respectivo permiso ambiental. \/\/MH<\/p>\n<p>&nbsp;<\/p>\n","protected":false},"excerpt":{"rendered":"<p class=\"excerpt\">Un equipo multidisciplinario del Programa de Reparaci\u00f3n Ambiental y Social (PRAS) del Ministerio de Ambiente del Ecuador (MAE), llev\u00f3 a cabo una inspecci\u00f3n en las instalaciones de la concesi\u00f3n minera Fucusucu III ubicado en San Antonio de Pichincha, al extremo norte de Quito; con el fin de obtener informaci\u00f3n t\u00e9cnica del proceso de extracci\u00f3n, as\u00ed como del plan de manejo&hellip; <a href=\"https:\/\/www.ambienteyenergia.gob.ec\/ambiente\/pras-realiza-inspeccion-en-la-concesion-minera-fucusucu-iii\/\">Read more &rarr;<\/a><\/p>\n","protected":false},"author":13,"featured_media":26087,"comment_status":"open","ping_status":"open","sticky":false,"template":"","format":"standard","meta":{"footnotes":""},"categories":[16,4],"tags":[],"class_list":["post-26086","post","type-post","status-publish","format-standard","has-post-thumbnail","hentry","category-comunicamos","category-noticias","xfolkentry"],"_links":{"self":[{"href":"https:\/\/www.ambienteyenergia.gob.ec\/ambiente\/wp-json\/wp\/v2\/posts\/26086","targetHints":{"allow":["GET"]}}],"collection":[{"href":"https:\/\/www.ambienteyenergia.gob.ec\/ambiente\/wp-json\/wp\/v2\/posts"}],"about":[{"href":"https:\/\/www.ambienteyenergia.gob.ec\/ambiente\/wp-json\/wp\/v2\/types\/post"}],"author":[{"embeddable":true,"href":"https:\/\/www.ambienteyenergia.gob.ec\/ambiente\/wp-json\/wp\/v2\/users\/13"}],"replies":[{"embeddable":true,"href":"https:\/\/www.ambienteyenergia.gob.ec\/ambiente\/wp-json\/wp\/v2\/comments?post=26086"}],"version-history":[{"count":0,"href":"https:\/\/www.ambienteyenergia.gob.ec\/ambiente\/wp-json\/wp\/v2\/posts\/26086\/revisions"}],"wp:featuredmedia":[{"embeddable":true,"href":"https:\/\/www.ambienteyenergia.gob.ec\/ambiente\/wp-json\/wp\/v2\/media\/26087"}],"wp:attachment":[{"href":"https:\/\/www.ambienteyenergia.gob.ec\/ambiente\/wp-json\/wp\/v2\/media?parent=26086"}],"wp:term":[{"taxonomy":"category","embeddable":true,"href":"https:\/\/www.ambienteyenergia.gob.ec\/ambiente\/wp-json\/wp\/v2\/categories?post=26086"},{"taxonomy":"post_tag","embeddable":true,"href":"https:\/\/www.ambienteyenergia.gob.ec\/ambiente\/wp-json\/wp\/v2\/tags?post=26086"}],"curies":[{"name":"wp","href":"https:\/\/api.w.org\/{rel}","templated":true}]}}