{"id":26083,"date":"2015-08-18T22:50:13","date_gmt":"2015-08-19T03:50:13","guid":{"rendered":"http:\/\/www.ambiente.gob.ec\/?p=26083"},"modified":"2015-08-18T22:50:13","modified_gmt":"2015-08-19T03:50:13","slug":"50-toneladas-de-residuos-reciclables-fueron-evacuados-de-las-islas-galapagos","status":"publish","type":"post","link":"https:\/\/www.ambienteyenergia.gob.ec\/ambiente\/50-toneladas-de-residuos-reciclables-fueron-evacuados-de-las-islas-galapagos\/","title":{"rendered":"50 toneladas de residuos reciclables fueron evacuados de las Islas Gal\u00e1pagos"},"content":{"rendered":"<p style=\"text-align: justify;\">Como parte del convenio suscrito entre las empresas que conforman Joint Venture (Repapers, Cridesa, Novacero y Enkador) y los municipios de Gal\u00e1pagos; el pasado 15 de agosto se llev\u00f3 adelante el proceso de evacuaci\u00f3n de residuos reciclables de las Islas Encantadas.<br \/>\nEl Ministerio del Ambiente (MAE), a trav\u00e9s del Programa Nacional para la Gesti\u00f3n Integral de Desechos S\u00f3lidos (PNGIDS) y el Parque Nacional Gal\u00e1pagos (PNG) se coordin\u00f3 las acciones t\u00e9cnicas y log\u00edsticas necesarias entre el Municipio de San Crist\u00f3bal y los gestores de los residuos aprovechables para que todo se cumpla de acuerdo a lo planificado.<br \/>\nDe esta forma, 128 pacas con 50 toneladas de residuos aprovechables entre papel, cart\u00f3n y pl\u00e1stico salieron desde el sitio de disposici\u00f3n final ubicada en la isla San Crist\u00f3bal, Archipielago de Gal\u00e1pagos, con ruta hacia Continente (Guayaquil) mediante el barco Manizales.<br \/>\nLos residuos aprovechables llegaron al puerto, donde ser\u00e1n incorporados a nuevos procesos productivos y cuyo dinero ser\u00e1 invertido en las Islas Gal\u00e1pagos.<br \/>\nEl Ministerio del Ambiente como autoridad veedora, es el encargado de supervisar todo el proceso para asegurar una adecuada evacuaci\u00f3n de los residuos aprovechables hacia Continente. En noviembre de 2014, se retiraron alrededor de 100 toneladas de residuos de Santa Cruz y San Crist\u00f3bal, ese a\u00f1o la gesti\u00f3n se realizar\u00e1 tambi\u00e9n en Isabela y est\u00e1 programado que lleguen los residuos a Guayaquil el 24 de este mes.<br \/>\nLa conservaci\u00f3n de las Islas Gal\u00e1pagos es una de las prioridades para esta Cartera de Estado, por ello se realiza un trabajo permanente en materia de residuos y reciclaje no s\u00f3lo para garantizar una adecuada evacuaci\u00f3n de los mismos, sino con jornadas de capacitaci\u00f3n a operarios de los GAD Municipales, para fortalecer sus conocimientos y capacidades de gesti\u00f3n. \/\/MH<\/p>\n","protected":false},"excerpt":{"rendered":"<p class=\"excerpt\">Como parte del convenio suscrito entre las empresas que conforman Joint Venture (Repapers, Cridesa, Novacero y Enkador) y los municipios de Gal\u00e1pagos; el pasado 15 de agosto se llev\u00f3 adelante el proceso de evacuaci\u00f3n de residuos reciclables de las Islas Encantadas. El Ministerio del Ambiente (MAE), a trav\u00e9s del Programa Nacional para la Gesti\u00f3n Integral de Desechos S\u00f3lidos (PNGIDS) y&hellip; <a href=\"https:\/\/www.ambienteyenergia.gob.ec\/ambiente\/50-toneladas-de-residuos-reciclables-fueron-evacuados-de-las-islas-galapagos\/\">Read more &rarr;<\/a><\/p>\n","protected":false},"author":13,"featured_media":26084,"comment_status":"open","ping_status":"open","sticky":false,"template":"","format":"standard","meta":{"footnotes":""},"categories":[16,4],"tags":[394,387],"class_list":["post-26083","post","type-post","status-publish","format-standard","has-post-thumbnail","hentry","category-comunicamos","category-noticias","tag-direccion-del-parque-nacional-galapagos","tag-mae-lorena-tapia","xfolkentry"],"_links":{"self":[{"href":"https:\/\/www.ambienteyenergia.gob.ec\/ambiente\/wp-json\/wp\/v2\/posts\/26083","targetHints":{"allow":["GET"]}}],"collection":[{"href":"https:\/\/www.ambienteyenergia.gob.ec\/ambiente\/wp-json\/wp\/v2\/posts"}],"about":[{"href":"https:\/\/www.ambienteyenergia.gob.ec\/ambiente\/wp-json\/wp\/v2\/types\/post"}],"author":[{"embeddable":true,"href":"https:\/\/www.ambienteyenergia.gob.ec\/ambiente\/wp-json\/wp\/v2\/users\/13"}],"replies":[{"embeddable":true,"href":"https:\/\/www.ambienteyenergia.gob.ec\/ambiente\/wp-json\/wp\/v2\/comments?post=26083"}],"version-history":[{"count":0,"href":"https:\/\/www.ambienteyenergia.gob.ec\/ambiente\/wp-json\/wp\/v2\/posts\/26083\/revisions"}],"wp:featuredmedia":[{"embeddable":true,"href":"https:\/\/www.ambienteyenergia.gob.ec\/ambiente\/wp-json\/wp\/v2\/media\/26084"}],"wp:attachment":[{"href":"https:\/\/www.ambienteyenergia.gob.ec\/ambiente\/wp-json\/wp\/v2\/media?parent=26083"}],"wp:term":[{"taxonomy":"category","embeddable":true,"href":"https:\/\/www.ambienteyenergia.gob.ec\/ambiente\/wp-json\/wp\/v2\/categories?post=26083"},{"taxonomy":"post_tag","embeddable":true,"href":"https:\/\/www.ambienteyenergia.gob.ec\/ambiente\/wp-json\/wp\/v2\/tags?post=26083"}],"curies":[{"name":"wp","href":"https:\/\/api.w.org\/{rel}","templated":true}]}}