{"id":26080,"date":"2015-08-18T17:14:16","date_gmt":"2015-08-18T22:14:16","guid":{"rendered":"http:\/\/www.ambiente.gob.ec\/?p=26080"},"modified":"2015-08-18T17:14:16","modified_gmt":"2015-08-18T22:14:16","slug":"proceso-administrativo-a-empresa-de-quimicos-se-abrio-en-guayaquil","status":"publish","type":"post","link":"https:\/\/www.ambienteyenergia.gob.ec\/ambiente\/proceso-administrativo-a-empresa-de-quimicos-se-abrio-en-guayaquil\/","title":{"rendered":"Proceso administrativo a empresa de qu\u00edmicos se abri\u00f3 en Guayaquil"},"content":{"rendered":"<p class=\"western\" align=\"JUSTIFY\"><span style=\"font-family: Arial, sans-serif;\"><span style=\"font-size: small;\">El Ministerio del Ambiente, a trav\u00e9s de la Direcci\u00f3n Provincial del Ambiente Guayas realiz\u00f3 una inspecci\u00f3n en la bodega de la Empresa RESIQUIM S. A., ubicada en el Km 9.5 V\u00eda Daule, en la ciudad de Guayaquil, donde la madrugada del 18 de Agosto del presente a\u00f1o se suscito un incendio de gran magnitud. <\/span><\/span><\/p>\n<p class=\"western\" align=\"JUSTIFY\"><span style=\"font-family: Arial, sans-serif;\"><span style=\"font-size: small;\">Personal de la Unidad de Calidad Ambienta se dirigi\u00f3 al lugar del siniestro para verificar la posible afectaci\u00f3n al ambiente y a la vez solicitar los permisos y plan de acci\u00f3n correspondientes a los propietarios de la empresa.<\/span><\/span><\/p>\n<p class=\"western\" align=\"JUSTIFY\">\u201c<span style=\"font-family: Arial, sans-serif;\"><span style=\"font-size: small;\">En el lugar se percibi\u00f3 un olor ofensivo en el ambiente y se visualizo humo blanco resultante de la combusti\u00f3n de los productos qu\u00edmicos que se encontraban almacenados de manera inapropiada en una bodega que no contaba con los sistemas de seguridad pertinentes para mantener este tipo de productos\u201d. Manifest\u00f3 la funcionaria.<\/span><\/span><\/p>\n<p class=\"western\" align=\"JUSTIFY\"><span style=\"font-family: Arial, sans-serif;\"><span style=\"font-size: small;\">Por lo cual se <\/span><\/span><span style=\"font-family: Arial, sans-serif;\"><span style=\"font-size: small;\">inici\u00f3 un<\/span><\/span><span style=\"font-family: Arial, sans-serif;\"><span style=\"font-size: small;\"> Proceso Administrativo en contra de la compa\u00f1\u00eda RESIQUIM S.A. por la presunta contaminaci\u00f3n ambiental producto del incendio ocurrido. En el cual se verificara el cumplimiento de la normativa ambiental. <\/span><\/span><\/p>\n","protected":false},"excerpt":{"rendered":"<p class=\"excerpt\">El Ministerio del Ambiente, a trav\u00e9s de la Direcci\u00f3n Provincial del Ambiente Guayas realiz\u00f3 una inspecci\u00f3n en la bodega de la Empresa RESIQUIM S. A., ubicada en el Km 9.5 V\u00eda Daule, en la ciudad de Guayaquil, donde la madrugada del 18 de Agosto del presente a\u00f1o se suscito un incendio de gran magnitud. Personal de la Unidad de Calidad&hellip; <a href=\"https:\/\/www.ambienteyenergia.gob.ec\/ambiente\/proceso-administrativo-a-empresa-de-quimicos-se-abrio-en-guayaquil\/\">Read more &rarr;<\/a><\/p>\n","protected":false},"author":13,"featured_media":26081,"comment_status":"open","ping_status":"open","sticky":false,"template":"","format":"standard","meta":{"footnotes":""},"categories":[16,4],"tags":[902,901,108,53],"class_list":["post-26080","post","type-post","status-publish","format-standard","has-post-thumbnail","hentry","category-comunicamos","category-noticias","tag-incendio-via-daule","tag-inspeccion","tag-lorena-tapia","tag-mae","xfolkentry"],"_links":{"self":[{"href":"https:\/\/www.ambienteyenergia.gob.ec\/ambiente\/wp-json\/wp\/v2\/posts\/26080","targetHints":{"allow":["GET"]}}],"collection":[{"href":"https:\/\/www.ambienteyenergia.gob.ec\/ambiente\/wp-json\/wp\/v2\/posts"}],"about":[{"href":"https:\/\/www.ambienteyenergia.gob.ec\/ambiente\/wp-json\/wp\/v2\/types\/post"}],"author":[{"embeddable":true,"href":"https:\/\/www.ambienteyenergia.gob.ec\/ambiente\/wp-json\/wp\/v2\/users\/13"}],"replies":[{"embeddable":true,"href":"https:\/\/www.ambienteyenergia.gob.ec\/ambiente\/wp-json\/wp\/v2\/comments?post=26080"}],"version-history":[{"count":0,"href":"https:\/\/www.ambienteyenergia.gob.ec\/ambiente\/wp-json\/wp\/v2\/posts\/26080\/revisions"}],"wp:featuredmedia":[{"embeddable":true,"href":"https:\/\/www.ambienteyenergia.gob.ec\/ambiente\/wp-json\/wp\/v2\/media\/26081"}],"wp:attachment":[{"href":"https:\/\/www.ambienteyenergia.gob.ec\/ambiente\/wp-json\/wp\/v2\/media?parent=26080"}],"wp:term":[{"taxonomy":"category","embeddable":true,"href":"https:\/\/www.ambienteyenergia.gob.ec\/ambiente\/wp-json\/wp\/v2\/categories?post=26080"},{"taxonomy":"post_tag","embeddable":true,"href":"https:\/\/www.ambienteyenergia.gob.ec\/ambiente\/wp-json\/wp\/v2\/tags?post=26080"}],"curies":[{"name":"wp","href":"https:\/\/api.w.org\/{rel}","templated":true}]}}