{"id":26077,"date":"2015-08-18T15:55:39","date_gmt":"2015-08-18T20:55:39","guid":{"rendered":"http:\/\/www.ambiente.gob.ec\/?p=26077"},"modified":"2015-08-18T15:55:39","modified_gmt":"2015-08-18T20:55:39","slug":"376-familias-de-tabacundo-se-benefician-con-obra-para-reducir-los-impactos-del-cambio-climatico-en-la-seguridad-alimentaria","status":"publish","type":"post","link":"https:\/\/www.ambienteyenergia.gob.ec\/ambiente\/376-familias-de-tabacundo-se-benefician-con-obra-para-reducir-los-impactos-del-cambio-climatico-en-la-seguridad-alimentaria\/","title":{"rendered":"376 familias de Tabacundo se benefician con obra para reducir los impactos del cambio clim\u00e1tico en la seguridad alimentaria"},"content":{"rendered":"<p style=\"text-align: justify;\">En el barrio San Luis de Ichis\u00ed de la parroquia Tabacundo, mujeres, hombres, ni\u00f1as y ni\u00f1os de 376 familias participaron en mingas comunitarias para construir un reservorio que asegura la disponibilidad de agua de riego, medida que permitir\u00e1 disminuir los impactos de amenazas clim\u00e1ticas como sequ\u00edas y heladas en la seguridad alimentaria.<\/p>\n<p style=\"text-align: justify;\">La obra que constituye una medida de adaptaci\u00f3n, facilitar\u00e1 la disponibilidad permanente del agua de riego para aproximadamente 120 hect\u00e1reas de tierras \u00a0con cultivos de ma\u00edz, papas, hortalizas, y la crianza de animales menores como el cuy y las gallinas, actividades que son el principal sustento del barrio. De esta manera, los habitantes podr\u00e1n mantener su producci\u00f3n agropecuaria y garantizar su seguridad alimentaria durante todo el a\u00f1o.<\/p>\n<p style=\"text-align: justify;\">Esta medida de adaptaci\u00f3n al cambio clim\u00e1tico se ejecuta con la finalidad de disminuir los impactos actuales y futuros del sistema clim\u00e1tico en la seguridad alimentaria.<\/p>\n<p style=\"text-align: justify;\">Mediante el sistema de cogesti\u00f3n generado entre\u00a0 el barrio San Luis de Ichis\u00ed \u00a0y el socio ejecutor, el Gobierno Aut\u00f3nomo Descentralizado de la Provincia de Pichincha,\u00a0 el Proyecto FORECCSA\u00a0 (Fortalecimiento de la Resiliencia de las Comunidades ante los Efectos Adversos del Cambio Clim\u00e1tico en \u00e9nfasis en Seguridad Alimentaria en la Cuenca del R\u00edo Jubones y Provincia de Pichincha) conformado por el Ministerio del Ambiente a trav\u00e9s de la Subsecretaria de Cambio Clim\u00e1tico, MAGAP y el Programa Mundial de Alimentos, cumplen con el gran objetivo de reducir la vulnerabilidad de las comunidades ante los efectos adversos del cambio clim\u00e1tico,\u00a0 mediante el aporte del Fondo de Adaptaci\u00f3n.<\/p>\n<p style=\"text-align: justify;\">En una segunda fase de implementaci\u00f3n, se trabajar\u00e1 en fortalecimiento de capacidades locales a trav\u00e9s de capacitaciones para la cogesti\u00f3n comunitaria\u00a0 del manejo del sistema de riego y talleres en sensibilizaci\u00f3n sobre agua, cambio clim\u00e1tico, seguridad alimentaria y g\u00e9nero.<\/p>\n<p style=\"text-align: justify;\"><strong>El dato<\/strong><\/p>\n<p style=\"text-align: justify;\">La obra f\u00edsica (reservorio), tiene una capacidad de almacenamiento de 20.000 m<sup>3 <\/sup>de agua de riego.<\/p>\n<p style=\"text-align: justify;\">Una medida de adaptaci\u00f3n es una actividad o iniciativa encaminada a reducir la vulnerabilidad de los sistemas naturales y humanos ante los efectos reales o esperados del cambio clim\u00e1tico.<\/p>\n","protected":false},"excerpt":{"rendered":"<p class=\"excerpt\">En el barrio San Luis de Ichis\u00ed de la parroquia Tabacundo, mujeres, hombres, ni\u00f1as y ni\u00f1os de 376 familias participaron en mingas comunitarias para construir un reservorio que asegura la disponibilidad de agua de riego, medida que permitir\u00e1 disminuir los impactos de amenazas clim\u00e1ticas como sequ\u00edas y heladas en la seguridad alimentaria. La obra que constituye una medida de adaptaci\u00f3n,&hellip; <a href=\"https:\/\/www.ambienteyenergia.gob.ec\/ambiente\/376-familias-de-tabacundo-se-benefician-con-obra-para-reducir-los-impactos-del-cambio-climatico-en-la-seguridad-alimentaria\/\">Read more &rarr;<\/a><\/p>\n","protected":false},"author":13,"featured_media":26078,"comment_status":"open","ping_status":"open","sticky":false,"template":"","format":"standard","meta":{"footnotes":""},"categories":[16,4],"tags":[133,387],"class_list":["post-26077","post","type-post","status-publish","format-standard","has-post-thumbnail","hentry","category-comunicamos","category-noticias","tag-cambio-climatico","tag-mae-lorena-tapia","xfolkentry"],"_links":{"self":[{"href":"https:\/\/www.ambienteyenergia.gob.ec\/ambiente\/wp-json\/wp\/v2\/posts\/26077","targetHints":{"allow":["GET"]}}],"collection":[{"href":"https:\/\/www.ambienteyenergia.gob.ec\/ambiente\/wp-json\/wp\/v2\/posts"}],"about":[{"href":"https:\/\/www.ambienteyenergia.gob.ec\/ambiente\/wp-json\/wp\/v2\/types\/post"}],"author":[{"embeddable":true,"href":"https:\/\/www.ambienteyenergia.gob.ec\/ambiente\/wp-json\/wp\/v2\/users\/13"}],"replies":[{"embeddable":true,"href":"https:\/\/www.ambienteyenergia.gob.ec\/ambiente\/wp-json\/wp\/v2\/comments?post=26077"}],"version-history":[{"count":0,"href":"https:\/\/www.ambienteyenergia.gob.ec\/ambiente\/wp-json\/wp\/v2\/posts\/26077\/revisions"}],"wp:featuredmedia":[{"embeddable":true,"href":"https:\/\/www.ambienteyenergia.gob.ec\/ambiente\/wp-json\/wp\/v2\/media\/26078"}],"wp:attachment":[{"href":"https:\/\/www.ambienteyenergia.gob.ec\/ambiente\/wp-json\/wp\/v2\/media?parent=26077"}],"wp:term":[{"taxonomy":"category","embeddable":true,"href":"https:\/\/www.ambienteyenergia.gob.ec\/ambiente\/wp-json\/wp\/v2\/categories?post=26077"},{"taxonomy":"post_tag","embeddable":true,"href":"https:\/\/www.ambienteyenergia.gob.ec\/ambiente\/wp-json\/wp\/v2\/tags?post=26077"}],"curies":[{"name":"wp","href":"https:\/\/api.w.org\/{rel}","templated":true}]}}