{"id":26070,"date":"2015-08-18T08:10:32","date_gmt":"2015-08-18T13:10:32","guid":{"rendered":"http:\/\/www.ambiente.gob.ec\/?p=26070"},"modified":"2015-08-18T17:09:27","modified_gmt":"2015-08-18T22:09:27","slug":"ulba-cuenta-con-13-nuevos-promotores-ambientales","status":"publish","type":"post","link":"https:\/\/www.ambienteyenergia.gob.ec\/ambiente\/ulba-cuenta-con-13-nuevos-promotores-ambientales\/","title":{"rendered":"Ulba cuenta con 13 nuevos promotores ambientales"},"content":{"rendered":"<p>La Direcci\u00f3n Provincial del Ambiente realiz\u00f3 la entrega de certificados\u00a0 de aprobaci\u00f3n\u00a0 a 13 personas de la parroquia\u00a0 Ulba, del cant\u00f3n Ba\u00f1os de Agua Santa que asistieron al Ecotaller.<\/p>\n<p>Los participantes recibieron una capacitaci\u00f3n de 80 horas: 60 te\u00f3ricas y 20 pr\u00e1cticas en temas tales como: Gesti\u00f3n Ambiental, Desarrollo Sostenible, Problemas Ambientales, Educaci\u00f3n Ambiental Comunitaria, entre otros.<\/p>\n<p>Conocimiento te\u00f3rico \u2013 pr\u00e1ctico que adquirieron mediante la aplicaci\u00f3n de\u00a0 cinco m\u00f3dulos, a trav\u00e9s de\u00a0 los cuales se gener\u00f3 criterios, debates, an\u00e1lisis y trabajos grupales en los cuales se facilit\u00f3 herramientas y estrategias para que puedan determinar un diagn\u00f3stico ambiental participativo y plantear soluciones, propuestas y proyectos que\u00a0 ayuden a mejorar su calidad de vida y entorno natural.<\/p>\n<p>Esta capacitaci\u00f3n fue coordinada en conjunto con el GAD Parroquial de Ulba y cont\u00f3 con el aval de la Escuela Superior Polit\u00e9cnica del Ej\u00e9rcito (ESPE).<\/p>\n<p>Las autoridades del GAD Parroquial de Ulba y de la Direcci\u00f3n Provincial del Ambiente entregaron los certificados y auguraron muchos \u00e9xitos a los Promotores Ambientales quienes tienen la responsabilidad de apoyar a las autoridades locales en\u00a0 temas ambientales.<\/p>\n","protected":false},"excerpt":{"rendered":"<p class=\"excerpt\">La Direcci\u00f3n Provincial del Ambiente realiz\u00f3 la entrega de certificados\u00a0 de aprobaci\u00f3n\u00a0 a 13 personas de la parroquia\u00a0 Ulba, del cant\u00f3n Ba\u00f1os de Agua Santa que asistieron al Ecotaller. Los participantes recibieron una capacitaci\u00f3n de 80 horas: 60 te\u00f3ricas y 20 pr\u00e1cticas en temas tales como: Gesti\u00f3n Ambiental, Desarrollo Sostenible, Problemas Ambientales, Educaci\u00f3n Ambiental Comunitaria, entre otros. Conocimiento te\u00f3rico \u2013&hellip; <a href=\"https:\/\/www.ambienteyenergia.gob.ec\/ambiente\/ulba-cuenta-con-13-nuevos-promotores-ambientales\/\">Read more &rarr;<\/a><\/p>\n","protected":false},"author":13,"featured_media":26071,"comment_status":"open","ping_status":"open","sticky":false,"template":"","format":"standard","meta":{"footnotes":""},"categories":[16,4],"tags":[246,478,108,53,629,102],"class_list":["post-26070","post","type-post","status-publish","format-standard","has-post-thumbnail","hentry","category-comunicamos","category-noticias","tag-ecotalleres","tag-educacion-ambiental","tag-lorena-tapia","tag-mae","tag-promotores-ambientales","tag-tungurahua","xfolkentry"],"_links":{"self":[{"href":"https:\/\/www.ambienteyenergia.gob.ec\/ambiente\/wp-json\/wp\/v2\/posts\/26070","targetHints":{"allow":["GET"]}}],"collection":[{"href":"https:\/\/www.ambienteyenergia.gob.ec\/ambiente\/wp-json\/wp\/v2\/posts"}],"about":[{"href":"https:\/\/www.ambienteyenergia.gob.ec\/ambiente\/wp-json\/wp\/v2\/types\/post"}],"author":[{"embeddable":true,"href":"https:\/\/www.ambienteyenergia.gob.ec\/ambiente\/wp-json\/wp\/v2\/users\/13"}],"replies":[{"embeddable":true,"href":"https:\/\/www.ambienteyenergia.gob.ec\/ambiente\/wp-json\/wp\/v2\/comments?post=26070"}],"version-history":[{"count":0,"href":"https:\/\/www.ambienteyenergia.gob.ec\/ambiente\/wp-json\/wp\/v2\/posts\/26070\/revisions"}],"wp:featuredmedia":[{"embeddable":true,"href":"https:\/\/www.ambienteyenergia.gob.ec\/ambiente\/wp-json\/wp\/v2\/media\/26071"}],"wp:attachment":[{"href":"https:\/\/www.ambienteyenergia.gob.ec\/ambiente\/wp-json\/wp\/v2\/media?parent=26070"}],"wp:term":[{"taxonomy":"category","embeddable":true,"href":"https:\/\/www.ambienteyenergia.gob.ec\/ambiente\/wp-json\/wp\/v2\/categories?post=26070"},{"taxonomy":"post_tag","embeddable":true,"href":"https:\/\/www.ambienteyenergia.gob.ec\/ambiente\/wp-json\/wp\/v2\/tags?post=26070"}],"curies":[{"name":"wp","href":"https:\/\/api.w.org\/{rel}","templated":true}]}}