{"id":26067,"date":"2015-08-17T19:05:23","date_gmt":"2015-08-18T00:05:23","guid":{"rendered":"http:\/\/www.ambiente.gob.ec\/?p=26067"},"modified":"2015-08-17T19:05:23","modified_gmt":"2015-08-18T00:05:23","slug":"en-ambato-se-realizo-el-foro-la-calidad-del-aire-es-vida","status":"publish","type":"post","link":"https:\/\/www.ambienteyenergia.gob.ec\/ambiente\/en-ambato-se-realizo-el-foro-la-calidad-del-aire-es-vida\/","title":{"rendered":"En Ambato se realiz\u00f3 el Foro  \u201cLa calidad del aire, es vida\u201d"},"content":{"rendered":"<p>Bajo el lema \u201cLa Calidad del Aire, es vida\u201d, la Direcci\u00f3n Provincial del Ambiente de Tungurahua realiz\u00f3 el Foro por el D\u00eda Interamericano de la Calidad del Aire, acto que tuvo lugar en el Auditorio del Municipio de Ambato.<\/p>\n<p>Los asistentes en esta jornada fueron asociaciones y cooperativas de transporte, y sectores industriales, quienes participaron de manera activa con los panelistas: Mar\u00eda Victoria Molina, Docente de la Universidad T\u00e9cnica de Ambato, Efra\u00edn Ulloa, funcionario del Ministerio de Salud, David L\u00f3pez, Jefe de Programas Ambientales del GAD de Ambato y Marco Buest\u00e1n, Gerente de ECOTUNGURAHUA.<\/p>\n<p>En las tem\u00e1ticas se present\u00f3 la situaci\u00f3n actual de la calidad del aire identificando causas y efectos.<\/p>\n<p>\u201cDebemos salvar al planeta de la sociedad del consumo, evitar el efecto invernadero que afectar\u00e1 a nuestras futuras generaciones\u201d, manifest\u00f3 Efra\u00edn Ulloa funcionario del Ministerio de Salud P\u00fablica.<\/p>\n<p>Coordinaci\u00f3n y cooperaci\u00f3n entre el sector p\u00fablico y privado fue una de las estrategias planteadas durante el foro con la finalidad de impulsar pol\u00edticas p\u00fablicas y mecanismos de control que permitan la reducci\u00f3n de \u00edndices de contaminaci\u00f3n.<\/p>\n","protected":false},"excerpt":{"rendered":"<p class=\"excerpt\">Bajo el lema \u201cLa Calidad del Aire, es vida\u201d, la Direcci\u00f3n Provincial del Ambiente de Tungurahua realiz\u00f3 el Foro por el D\u00eda Interamericano de la Calidad del Aire, acto que tuvo lugar en el Auditorio del Municipio de Ambato. Los asistentes en esta jornada fueron asociaciones y cooperativas de transporte, y sectores industriales, quienes participaron de manera activa con los&hellip; <a href=\"https:\/\/www.ambienteyenergia.gob.ec\/ambiente\/en-ambato-se-realizo-el-foro-la-calidad-del-aire-es-vida\/\">Read more &rarr;<\/a><\/p>\n","protected":false},"author":13,"featured_media":26068,"comment_status":"open","ping_status":"open","sticky":false,"template":"","format":"standard","meta":{"footnotes":""},"categories":[16,4],"tags":[900,108,53],"class_list":["post-26067","post","type-post","status-publish","format-standard","has-post-thumbnail","hentry","category-comunicamos","category-noticias","tag-calidad-del-aire","tag-lorena-tapia","tag-mae","xfolkentry"],"_links":{"self":[{"href":"https:\/\/www.ambienteyenergia.gob.ec\/ambiente\/wp-json\/wp\/v2\/posts\/26067","targetHints":{"allow":["GET"]}}],"collection":[{"href":"https:\/\/www.ambienteyenergia.gob.ec\/ambiente\/wp-json\/wp\/v2\/posts"}],"about":[{"href":"https:\/\/www.ambienteyenergia.gob.ec\/ambiente\/wp-json\/wp\/v2\/types\/post"}],"author":[{"embeddable":true,"href":"https:\/\/www.ambienteyenergia.gob.ec\/ambiente\/wp-json\/wp\/v2\/users\/13"}],"replies":[{"embeddable":true,"href":"https:\/\/www.ambienteyenergia.gob.ec\/ambiente\/wp-json\/wp\/v2\/comments?post=26067"}],"version-history":[{"count":0,"href":"https:\/\/www.ambienteyenergia.gob.ec\/ambiente\/wp-json\/wp\/v2\/posts\/26067\/revisions"}],"wp:featuredmedia":[{"embeddable":true,"href":"https:\/\/www.ambienteyenergia.gob.ec\/ambiente\/wp-json\/wp\/v2\/media\/26068"}],"wp:attachment":[{"href":"https:\/\/www.ambienteyenergia.gob.ec\/ambiente\/wp-json\/wp\/v2\/media?parent=26067"}],"wp:term":[{"taxonomy":"category","embeddable":true,"href":"https:\/\/www.ambienteyenergia.gob.ec\/ambiente\/wp-json\/wp\/v2\/categories?post=26067"},{"taxonomy":"post_tag","embeddable":true,"href":"https:\/\/www.ambienteyenergia.gob.ec\/ambiente\/wp-json\/wp\/v2\/tags?post=26067"}],"curies":[{"name":"wp","href":"https:\/\/api.w.org\/{rel}","templated":true}]}}