{"id":26065,"date":"2015-08-17T18:50:28","date_gmt":"2015-08-17T23:50:28","guid":{"rendered":"http:\/\/www.ambiente.gob.ec\/?p=26065"},"modified":"2015-08-17T19:01:15","modified_gmt":"2015-08-18T00:01:15","slug":"parque-nacional-llanganates-nuevo-habitat-de-puma-liberado","status":"publish","type":"post","link":"https:\/\/www.ambienteyenergia.gob.ec\/ambiente\/parque-nacional-llanganates-nuevo-habitat-de-puma-liberado\/","title":{"rendered":"Parque Nacional Llanganates nuevo h\u00e1bitat de puma liberado"},"content":{"rendered":"<p>En el sector La Colonia Azuay perteneciente a la Parroquia R\u00edo Negro, funcionarios de la Unidad de Vida de Vida Silvestre del Ministerio del Ambiente realizaron la liberaci\u00f3n de Puma Concolor, esp\u00e9cimen rescatado el 24 de Julio del 2015 en la Parroquia Marcos Espinel del Cant\u00f3n P\u00edllaro.<\/p>\n<p>Previo a la liberaci\u00f3n los t\u00e9cnicos del MAE procedieron a inspeccionar el lugar observando caracter\u00edsticas geogr\u00e1ficas y ecol\u00f3gicas id\u00f3neas, mismas que se encuentran dentro del \u00e1rea protegida del Parque Nacional Llanganates.<\/p>\n<p>El puma fue movilizado 2.5 km desde el R\u00edo Topo hasta el interior del Parque Nacional Llanganates donde fue liberado e inici\u00f3 el recorrido por su nuevo h\u00e1bitat.<\/p>\n","protected":false},"excerpt":{"rendered":"<p class=\"excerpt\">En el sector La Colonia Azuay perteneciente a la Parroquia R\u00edo Negro, funcionarios de la Unidad de Vida de Vida Silvestre del Ministerio del Ambiente realizaron la liberaci\u00f3n de Puma Concolor, esp\u00e9cimen rescatado el 24 de Julio del 2015 en la Parroquia Marcos Espinel del Cant\u00f3n P\u00edllaro. Previo a la liberaci\u00f3n los t\u00e9cnicos del MAE procedieron a inspeccionar el lugar&hellip; <a href=\"https:\/\/www.ambienteyenergia.gob.ec\/ambiente\/parque-nacional-llanganates-nuevo-habitat-de-puma-liberado\/\">Read more &rarr;<\/a><\/p>\n","protected":false},"author":13,"featured_media":25241,"comment_status":"open","ping_status":"open","sticky":false,"template":"","format":"standard","meta":{"footnotes":""},"categories":[16,4],"tags":[108,53,899,898,408],"class_list":["post-26065","post","type-post","status-publish","format-standard","has-post-thumbnail","hentry","category-comunicamos","category-noticias","tag-lorena-tapia","tag-mae","tag-parque-nacional-llanganates","tag-puma-liberado","tag-vida-silvestre","xfolkentry"],"_links":{"self":[{"href":"https:\/\/www.ambienteyenergia.gob.ec\/ambiente\/wp-json\/wp\/v2\/posts\/26065","targetHints":{"allow":["GET"]}}],"collection":[{"href":"https:\/\/www.ambienteyenergia.gob.ec\/ambiente\/wp-json\/wp\/v2\/posts"}],"about":[{"href":"https:\/\/www.ambienteyenergia.gob.ec\/ambiente\/wp-json\/wp\/v2\/types\/post"}],"author":[{"embeddable":true,"href":"https:\/\/www.ambienteyenergia.gob.ec\/ambiente\/wp-json\/wp\/v2\/users\/13"}],"replies":[{"embeddable":true,"href":"https:\/\/www.ambienteyenergia.gob.ec\/ambiente\/wp-json\/wp\/v2\/comments?post=26065"}],"version-history":[{"count":0,"href":"https:\/\/www.ambienteyenergia.gob.ec\/ambiente\/wp-json\/wp\/v2\/posts\/26065\/revisions"}],"wp:featuredmedia":[{"embeddable":true,"href":"https:\/\/www.ambienteyenergia.gob.ec\/ambiente\/wp-json\/wp\/v2\/media\/25241"}],"wp:attachment":[{"href":"https:\/\/www.ambienteyenergia.gob.ec\/ambiente\/wp-json\/wp\/v2\/media?parent=26065"}],"wp:term":[{"taxonomy":"category","embeddable":true,"href":"https:\/\/www.ambienteyenergia.gob.ec\/ambiente\/wp-json\/wp\/v2\/categories?post=26065"},{"taxonomy":"post_tag","embeddable":true,"href":"https:\/\/www.ambienteyenergia.gob.ec\/ambiente\/wp-json\/wp\/v2\/tags?post=26065"}],"curies":[{"name":"wp","href":"https:\/\/api.w.org\/{rel}","templated":true}]}}