{"id":26049,"date":"2015-08-17T15:58:16","date_gmt":"2015-08-17T20:58:16","guid":{"rendered":"http:\/\/www.ambiente.gob.ec\/?p=26049"},"modified":"2015-08-17T15:58:16","modified_gmt":"2015-08-17T20:58:16","slug":"isla-santay-celebro-sus-fiestas-patronales","status":"publish","type":"post","link":"https:\/\/www.ambienteyenergia.gob.ec\/ambiente\/isla-santay-celebro-sus-fiestas-patronales\/","title":{"rendered":"Isla Santay celebr\u00f3 sus Fiestas Patronales"},"content":{"rendered":"<p>Este domingo 16 de agosto la comunidad del \u00c1rea Nacional de recreaci\u00f3n Isla Santay e Isla del Gallo celebr\u00f3 a San Jacinto con una serie de festejos a cargo de la Asociaci\u00f3n de Servicios Tur\u00edsticos San Jacinto con el apoyo del Ministerio del Ambiente.<\/p>\n<p>El cronograma de las actividades para la celebraci\u00f3n de las Fiestas Patronales empez\u00f3 a las 08:00 con una misa en la casa comunal. Luego se realizaron las diferentes competencias como indor futbol, tanto de hombres como mujeres. Adem\u00e1s se realiz\u00f3 la competencia de regatas a remos en yolas en donde la comunidad premi\u00f3 a los tres primeros lugares.<\/p>\n<p>La parte art\u00edstica tambi\u00e9n form\u00f3 parte de las fiestas patronales por lo que se cont\u00f3 con la presentaci\u00f3n de coreograf\u00edas de bailes como la presentaci\u00f3n de\u00a0la Corporaci\u00f3n de Danza \u201cKaras\u201d y Teatro y Danza \u201cBeldaco\u201d con su show de danza folcl\u00f3ricas coste\u00f1as en honor a las fiestas patronales de\u00a0Isla Santay.<\/p>\n<p>Hubo una exposici\u00f3n de artesan\u00edas con materiales reciclados realizada por ni\u00f1os habitantes de la comunidad guiados por los estudiantes de Dise\u00f1o Gr\u00e1fico, Facultad de Comunicaci\u00f3n Social de la Universidad de Guayaquil con su proyecto de Vinculaci\u00f3n con la Comunidad que concluy\u00f3 el d\u00eda de ayer. Los estudiantes tambi\u00e9n realizaron un reconocimiento a Ronald Chica, Administrador del \u00c1rea Nacional de Recreaci\u00f3n Isla Santay e Isla El Gallo, por el apoyo brindado a \u201cSantay Creativa\u201d, (nombre del grupo de trabajo de los estudiantes).<\/p>\n<p>Un festival gastron\u00f3mico se realiz\u00f3 en el restaurante de la Isla y finalmente se concluy\u00f3 la celebraci\u00f3n del festejo con una fiesta bailable.<\/p>\n","protected":false},"excerpt":{"rendered":"<p class=\"excerpt\">Este domingo 16 de agosto la comunidad del \u00c1rea Nacional de recreaci\u00f3n Isla Santay e Isla del Gallo celebr\u00f3 a San Jacinto con una serie de festejos a cargo de la Asociaci\u00f3n de Servicios Tur\u00edsticos San Jacinto con el apoyo del Ministerio del Ambiente. El cronograma de las actividades para la celebraci\u00f3n de las Fiestas Patronales empez\u00f3 a las 08:00&hellip; <a href=\"https:\/\/www.ambienteyenergia.gob.ec\/ambiente\/isla-santay-celebro-sus-fiestas-patronales\/\">Read more &rarr;<\/a><\/p>\n","protected":false},"author":13,"featured_media":26051,"comment_status":"open","ping_status":"open","sticky":false,"template":"","format":"standard","meta":{"footnotes":""},"categories":[16,4],"tags":[107,374,108,53,867],"class_list":["post-26049","post","type-post","status-publish","format-standard","has-post-thumbnail","hentry","category-comunicamos","category-noticias","tag-guayaquil-ecologico","tag-isla-santay","tag-lorena-tapia","tag-mae","tag-presis","xfolkentry"],"_links":{"self":[{"href":"https:\/\/www.ambienteyenergia.gob.ec\/ambiente\/wp-json\/wp\/v2\/posts\/26049","targetHints":{"allow":["GET"]}}],"collection":[{"href":"https:\/\/www.ambienteyenergia.gob.ec\/ambiente\/wp-json\/wp\/v2\/posts"}],"about":[{"href":"https:\/\/www.ambienteyenergia.gob.ec\/ambiente\/wp-json\/wp\/v2\/types\/post"}],"author":[{"embeddable":true,"href":"https:\/\/www.ambienteyenergia.gob.ec\/ambiente\/wp-json\/wp\/v2\/users\/13"}],"replies":[{"embeddable":true,"href":"https:\/\/www.ambienteyenergia.gob.ec\/ambiente\/wp-json\/wp\/v2\/comments?post=26049"}],"version-history":[{"count":0,"href":"https:\/\/www.ambienteyenergia.gob.ec\/ambiente\/wp-json\/wp\/v2\/posts\/26049\/revisions"}],"wp:featuredmedia":[{"embeddable":true,"href":"https:\/\/www.ambienteyenergia.gob.ec\/ambiente\/wp-json\/wp\/v2\/media\/26051"}],"wp:attachment":[{"href":"https:\/\/www.ambienteyenergia.gob.ec\/ambiente\/wp-json\/wp\/v2\/media?parent=26049"}],"wp:term":[{"taxonomy":"category","embeddable":true,"href":"https:\/\/www.ambienteyenergia.gob.ec\/ambiente\/wp-json\/wp\/v2\/categories?post=26049"},{"taxonomy":"post_tag","embeddable":true,"href":"https:\/\/www.ambienteyenergia.gob.ec\/ambiente\/wp-json\/wp\/v2\/tags?post=26049"}],"curies":[{"name":"wp","href":"https:\/\/api.w.org\/{rel}","templated":true}]}}