{"id":26044,"date":"2015-08-17T13:49:31","date_gmt":"2015-08-17T18:49:31","guid":{"rendered":"http:\/\/www.ambiente.gob.ec\/?p=26044"},"modified":"2015-08-17T14:54:04","modified_gmt":"2015-08-17T19:54:04","slug":"la-comunidad-participa-en-la-construccion-de-proyectos-ambientales-en-el-primer-encuentro-por-la-justicia-social","status":"publish","type":"post","link":"https:\/\/www.ambienteyenergia.gob.ec\/ambiente\/la-comunidad-participa-en-la-construccion-de-proyectos-ambientales-en-el-primer-encuentro-por-la-justicia-social\/","title":{"rendered":"La comunidad participa en la construcci\u00f3n de proyectos ambientales en el Primer encuentro por la Justicia Social"},"content":{"rendered":"<p style=\"text-align: justify;\">Una ma\u00f1ana de di\u00e1logo y democracia se vive en la Unidad Educativa Teodoro G\u00f3mez de la Torre en Ibarra; donde ecuatorianos de varias nacionalidades acudieron para formar parte del Primer Encuentro de Di\u00e1logo Territorial por la Equidad y la Justicia Social, impulsado por el Gobierno Nacional con el fin de que la ciudadan\u00eda forme parte activa en la construcci\u00f3n de pol\u00edticas encaminadas al Buen Vivir.<\/p>\n<p style=\"text-align: justify;\">La Secretari\u0301a Nacional de Planificacio\u0301n y Desarrollo (Senplades), el Ministerio de Ambiente del Ecuador (MAE), Ministerio Coordinador de Desarrollo Social (MCDS), Ministerio de Inclusio\u0301n Econo\u0301mica y Social (MIES) y otras Carteras de Estado, en conjunto con la Asamblea Nacional llevan adelante este importante encuentro con los y las ecuatorianas que han conformado 8 mesas de trabajo con diferentes tem\u00e1ticas:<\/p>\n<ol style=\"text-align: justify;\">\n<li>Ambiente<\/li>\n<li>Educaci\u00f3n<\/li>\n<li>Salud<\/li>\n<li>Inclusi\u00f3n y Desarrollo Social<\/li>\n<li>Gesti\u00f3n Pol\u00edtica y Participaci\u00f3n Ciudadana<\/li>\n<li>Seguridad Ciudadana<\/li>\n<li>Econ\u00f3mica y Producci\u00f3n<\/li>\n<li>Desarrollo Rural<\/li>\n<\/ol>\n<p style=\"text-align: justify;\">Al Di\u00e1logo Ciudadano acudi\u00f3 la Ministra del Ambiente, Lorena Tapia N\u00fa\u00f1ez, para de primera mano socializar con los asistentes el trabajo realizado por parte de esta Cartera de Estado en favor del ambiente. \u201cEs un orgullo para nosotros decir que el Ecuador es reconocido a nivel mundial como un ejemplo en el manejo de temas ambientales, uno de los logros obtenidos con la Revoluci\u00f3n Ciudadana es ser el pa\u00eds con menor tasa de deforestaci\u00f3n\u201d se\u00f1al\u00f3 la M\u00e1xima Autoridad Ambiental.<\/p>\n<p style=\"text-align: justify;\">En este sentido se resaltaron los logros alcanzados gracias a proyectos como Socio Manglar, Socio P\u00e1ramo y Socio Bosque, que ha permitido conservar m\u00e1s de un mill\u00f3n 166 mil hect\u00e1reas de bosques y p\u00e1ramos de todo el pa\u00eds. \u201cEn este tema de conservaci\u00f3n tambi\u00e9n se debe resaltar el trabajo arduo que el Ministerio del Ambiente realiza de la mano de ustedes en cuanto a la Reforestaci\u00f3n, con el \u00fanico objetivo de alcanzar hasta el 2017 una tasa de deforestaci\u00f3n cero\u201d dijo la Ministra de Ambiente, Lorena Tapia N\u00fa\u00f1ez.<\/p>\n<p style=\"text-align: justify;\">En la exposici\u00f3n realizada se abordaron otros temas como \u00e1reas protegidas, cambio del matriz productiva, reciclaje, entre otros.<\/p>\n<p style=\"text-align: justify;\">A esta explicaci\u00f3n se sum\u00f3 la opini\u00f3n de los ciudadanos, quienes tuvieron la oportunidad de presentar sus inquietudes y propuestas para el desarrollo de las iniciativas y proyectos ambientales, as\u00ed como la construcci\u00f3n de nuevas ideas que aporten a una nueva pol\u00edtica ambiental basada en los derechos de la naturaleza. \u201cPor primera vez en la historia del Ecuador, nosotros los ciudadanos tenemos la oportunidad de participar en estos espacios y formar parte importante en la elaboraci\u00f3n de leyes y pol\u00edticas que nos van a beneficiar a todos\u201d afirm\u00f3 Carlos Taipe, ciudadano de Ibarra.<\/p>\n<p style=\"text-align: justify;\">Al finalizar el espacio de socializaci\u00f3n en cada una de las 8 mesas de trabajo se realizar\u00e1 una Asamblea General, donde presentar\u00e1n los resultados obtenidos tras este importante di\u00e1logo.<\/p>\n<p style=\"text-align: justify;\">Las personas que no pudieron acudir a este primer encuentro ciudadano, tienen la oportunidad de presentar sus propuestas y observaciones ingresando a la p\u00e1gina web <a href=\"http:\/\/www.dialogonacional.gob.ec\">www.dialogonacional.gob.ec<\/a><\/p>\n<p>&nbsp;<\/p>\n","protected":false},"excerpt":{"rendered":"<p class=\"excerpt\">Una ma\u00f1ana de di\u00e1logo y democracia se vive en la Unidad Educativa Teodoro G\u00f3mez de la Torre en Ibarra; donde ecuatorianos de varias nacionalidades acudieron para formar parte del Primer Encuentro de Di\u00e1logo Territorial por la Equidad y la Justicia Social, impulsado por el Gobierno Nacional con el fin de que la ciudadan\u00eda forme parte activa en la construcci\u00f3n de&hellip; <a href=\"https:\/\/www.ambienteyenergia.gob.ec\/ambiente\/la-comunidad-participa-en-la-construccion-de-proyectos-ambientales-en-el-primer-encuentro-por-la-justicia-social\/\">Read more &rarr;<\/a><\/p>\n","protected":false},"author":13,"featured_media":26046,"comment_status":"open","ping_status":"open","sticky":false,"template":"","format":"standard","meta":{"footnotes":""},"categories":[16,4],"tags":[897,387],"class_list":["post-26044","post","type-post","status-publish","format-standard","has-post-thumbnail","hentry","category-comunicamos","category-noticias","tag-dialogo-ciudadano","tag-mae-lorena-tapia","xfolkentry"],"_links":{"self":[{"href":"https:\/\/www.ambienteyenergia.gob.ec\/ambiente\/wp-json\/wp\/v2\/posts\/26044","targetHints":{"allow":["GET"]}}],"collection":[{"href":"https:\/\/www.ambienteyenergia.gob.ec\/ambiente\/wp-json\/wp\/v2\/posts"}],"about":[{"href":"https:\/\/www.ambienteyenergia.gob.ec\/ambiente\/wp-json\/wp\/v2\/types\/post"}],"author":[{"embeddable":true,"href":"https:\/\/www.ambienteyenergia.gob.ec\/ambiente\/wp-json\/wp\/v2\/users\/13"}],"replies":[{"embeddable":true,"href":"https:\/\/www.ambienteyenergia.gob.ec\/ambiente\/wp-json\/wp\/v2\/comments?post=26044"}],"version-history":[{"count":0,"href":"https:\/\/www.ambienteyenergia.gob.ec\/ambiente\/wp-json\/wp\/v2\/posts\/26044\/revisions"}],"wp:featuredmedia":[{"embeddable":true,"href":"https:\/\/www.ambienteyenergia.gob.ec\/ambiente\/wp-json\/wp\/v2\/media\/26046"}],"wp:attachment":[{"href":"https:\/\/www.ambienteyenergia.gob.ec\/ambiente\/wp-json\/wp\/v2\/media?parent=26044"}],"wp:term":[{"taxonomy":"category","embeddable":true,"href":"https:\/\/www.ambienteyenergia.gob.ec\/ambiente\/wp-json\/wp\/v2\/categories?post=26044"},{"taxonomy":"post_tag","embeddable":true,"href":"https:\/\/www.ambienteyenergia.gob.ec\/ambiente\/wp-json\/wp\/v2\/tags?post=26044"}],"curies":[{"name":"wp","href":"https:\/\/api.w.org\/{rel}","templated":true}]}}