{"id":26039,"date":"2015-08-17T11:09:21","date_gmt":"2015-08-17T16:09:21","guid":{"rendered":"http:\/\/www.ambiente.gob.ec\/?p=26039"},"modified":"2015-08-17T15:51:56","modified_gmt":"2015-08-17T20:51:56","slug":"135-metros-cubicos-de-madera-decomisados","status":"publish","type":"post","link":"https:\/\/www.ambienteyenergia.gob.ec\/ambiente\/135-metros-cubicos-de-madera-decomisados\/","title":{"rendered":"13,5 metros c\u00fabicos de madera decomisados"},"content":{"rendered":"<p>Funcionarios de la Direcci\u00f3n Provincial del Ambiente de Chimborazo (DPACH) y funcionarios de la Direcci\u00f3n Nacional Forestal (DNF), conjuntamente con el personal de la Unidad de Protecci\u00f3n de Medio Ambiente (UPMA) de la Polic\u00eda Nacional, retuvieron 1 veh\u00edculo en un operativo de control forestal en Cajabamba, a la altura de los molinos en Chimborazo.<\/p>\n<p>La planificaci\u00f3n de control realizada por la Unidad de Patrimonio Natural del MAE, dio como resultado el decomiso de 13.5 m<sup>3<\/sup> de madera nativa aserrada. Entre las especies forestales identificadas est\u00e1n: Sangre de Gallina, Sap\u00f3n de Paloma, Doncel y Guarango.<\/p>\n<p>El cami\u00f3n retenido no pose\u00eda la Gu\u00eda de movilizaci\u00f3n, documento habilitante que autoriza el transporte de recursos forestales en el pa\u00eds, por lo que se procedi\u00f3 a realizar la detenci\u00f3n del mismo.<\/p>\n<p>La madera decomisada se encuentra bajo custodia del MAE en Chimborazo, una vez agotado el tr\u00e1mite administrativo y determinada la responsabilidad del infractor forestal, se proceder\u00e1 a cumplir, conforme lo establece la Ley Forestal y de Conservaci\u00f3n de \u00c1reas Naturales y Vida Silvestre.<\/p>\n<p>La tala indiscriminada reduce cada vez m\u00e1s los recursos forestales, es por ese motivo que el MAE promueve su manejo sustentable en el pa\u00eds para el buen vivir de los ecuatorianos.<\/p>\n","protected":false},"excerpt":{"rendered":"<p class=\"excerpt\">Funcionarios de la Direcci\u00f3n Provincial del Ambiente de Chimborazo (DPACH) y funcionarios de la Direcci\u00f3n Nacional Forestal (DNF), conjuntamente con el personal de la Unidad de Protecci\u00f3n de Medio Ambiente (UPMA) de la Polic\u00eda Nacional, retuvieron 1 veh\u00edculo en un operativo de control forestal en Cajabamba, a la altura de los molinos en Chimborazo. La planificaci\u00f3n de control realizada por&hellip; <a href=\"https:\/\/www.ambienteyenergia.gob.ec\/ambiente\/135-metros-cubicos-de-madera-decomisados\/\">Read more &rarr;<\/a><\/p>\n","protected":false},"author":13,"featured_media":26040,"comment_status":"open","ping_status":"open","sticky":false,"template":"","format":"standard","meta":{"footnotes":""},"categories":[16,4],"tags":[101,895,108,53,896],"class_list":["post-26039","post","type-post","status-publish","format-standard","has-post-thumbnail","hentry","category-comunicamos","category-noticias","tag-chimborazo","tag-decomiso-de-madera-ilegal","tag-lorena-tapia","tag-mae","tag-recursos-forestales","xfolkentry"],"_links":{"self":[{"href":"https:\/\/www.ambienteyenergia.gob.ec\/ambiente\/wp-json\/wp\/v2\/posts\/26039","targetHints":{"allow":["GET"]}}],"collection":[{"href":"https:\/\/www.ambienteyenergia.gob.ec\/ambiente\/wp-json\/wp\/v2\/posts"}],"about":[{"href":"https:\/\/www.ambienteyenergia.gob.ec\/ambiente\/wp-json\/wp\/v2\/types\/post"}],"author":[{"embeddable":true,"href":"https:\/\/www.ambienteyenergia.gob.ec\/ambiente\/wp-json\/wp\/v2\/users\/13"}],"replies":[{"embeddable":true,"href":"https:\/\/www.ambienteyenergia.gob.ec\/ambiente\/wp-json\/wp\/v2\/comments?post=26039"}],"version-history":[{"count":0,"href":"https:\/\/www.ambienteyenergia.gob.ec\/ambiente\/wp-json\/wp\/v2\/posts\/26039\/revisions"}],"wp:featuredmedia":[{"embeddable":true,"href":"https:\/\/www.ambienteyenergia.gob.ec\/ambiente\/wp-json\/wp\/v2\/media\/26040"}],"wp:attachment":[{"href":"https:\/\/www.ambienteyenergia.gob.ec\/ambiente\/wp-json\/wp\/v2\/media?parent=26039"}],"wp:term":[{"taxonomy":"category","embeddable":true,"href":"https:\/\/www.ambienteyenergia.gob.ec\/ambiente\/wp-json\/wp\/v2\/categories?post=26039"},{"taxonomy":"post_tag","embeddable":true,"href":"https:\/\/www.ambienteyenergia.gob.ec\/ambiente\/wp-json\/wp\/v2\/tags?post=26039"}],"curies":[{"name":"wp","href":"https:\/\/api.w.org\/{rel}","templated":true}]}}