{"id":26034,"date":"2015-08-17T09:22:27","date_gmt":"2015-08-17T14:22:27","guid":{"rendered":"http:\/\/www.ambiente.gob.ec\/?p=26034"},"modified":"2015-08-17T09:22:27","modified_gmt":"2015-08-17T14:22:27","slug":"guardaparques-sofocaron-incendios-en-la-reserva-chimborazo","status":"publish","type":"post","link":"https:\/\/www.ambienteyenergia.gob.ec\/ambiente\/guardaparques-sofocaron-incendios-en-la-reserva-chimborazo\/","title":{"rendered":"Guardaparques sofocaron incendios en la Reserva Chimborazo"},"content":{"rendered":"<p><em>Del 10 al 12 de agosto se registraron 7 incendios de pajonal en varios sectores de la Reserva de Producci\u00f3n de Fauna Chimborazo.<\/em><\/p>\n<p>Personal de Guardaparques de la Reserva Chimborazo, con el equipo t\u00e9cnico adecuado, lograron sofocar los incendios suscitados en diferentes sectores del \u00e1rea protegida que consumieron aproximadamente 10,88 hect\u00e1reas de pajonal. A esta labor se sum\u00f3 el apoyo de las personas de las comunidades aleda\u00f1as al \u00e1rea protegida que son las que cuidan y aman sus paramos.<\/p>\n<p>En uno de los eventos en el sector de la Chorrera se tuvo el apoyo del cuerpo de Bomberos de la ciudad de Riobamba, los cuales ayudaron a sofocar el flagelo el cual consumi\u00f3 pajonal y bosque de Pino.<\/p>\n<p>La Direcci\u00f3n Provincial del Ambiente de Chimborazo (DPACH) con sus Guardaparques siguen vigilando los sectores afectados para evitar nuevos eventos. Adem\u00e1s se realiza perifoneo y charlas de concienciaci\u00f3n en comunidades que se encuentran dentro de la reserva y en sus zonas de amortiguamiento, con el objetivo para evitar que se vuelvan a producir nuevos flagelos.<\/p>\n","protected":false},"excerpt":{"rendered":"<p class=\"excerpt\">Del 10 al 12 de agosto se registraron 7 incendios de pajonal en varios sectores de la Reserva de Producci\u00f3n de Fauna Chimborazo. Personal de Guardaparques de la Reserva Chimborazo, con el equipo t\u00e9cnico adecuado, lograron sofocar los incendios suscitados en diferentes sectores del \u00e1rea protegida que consumieron aproximadamente 10,88 hect\u00e1reas de pajonal. A esta labor se sum\u00f3 el apoyo&hellip; <a href=\"https:\/\/www.ambienteyenergia.gob.ec\/ambiente\/guardaparques-sofocaron-incendios-en-la-reserva-chimborazo\/\">Read more &rarr;<\/a><\/p>\n","protected":false},"author":13,"featured_media":26035,"comment_status":"open","ping_status":"open","sticky":false,"template":"","format":"standard","meta":{"footnotes":""},"categories":[16,4],"tags":[101,544,108,53],"class_list":["post-26034","post","type-post","status-publish","format-standard","has-post-thumbnail","hentry","category-comunicamos","category-noticias","tag-chimborazo","tag-incendios","tag-lorena-tapia","tag-mae","xfolkentry"],"_links":{"self":[{"href":"https:\/\/www.ambienteyenergia.gob.ec\/ambiente\/wp-json\/wp\/v2\/posts\/26034","targetHints":{"allow":["GET"]}}],"collection":[{"href":"https:\/\/www.ambienteyenergia.gob.ec\/ambiente\/wp-json\/wp\/v2\/posts"}],"about":[{"href":"https:\/\/www.ambienteyenergia.gob.ec\/ambiente\/wp-json\/wp\/v2\/types\/post"}],"author":[{"embeddable":true,"href":"https:\/\/www.ambienteyenergia.gob.ec\/ambiente\/wp-json\/wp\/v2\/users\/13"}],"replies":[{"embeddable":true,"href":"https:\/\/www.ambienteyenergia.gob.ec\/ambiente\/wp-json\/wp\/v2\/comments?post=26034"}],"version-history":[{"count":0,"href":"https:\/\/www.ambienteyenergia.gob.ec\/ambiente\/wp-json\/wp\/v2\/posts\/26034\/revisions"}],"wp:featuredmedia":[{"embeddable":true,"href":"https:\/\/www.ambienteyenergia.gob.ec\/ambiente\/wp-json\/wp\/v2\/media\/26035"}],"wp:attachment":[{"href":"https:\/\/www.ambienteyenergia.gob.ec\/ambiente\/wp-json\/wp\/v2\/media?parent=26034"}],"wp:term":[{"taxonomy":"category","embeddable":true,"href":"https:\/\/www.ambienteyenergia.gob.ec\/ambiente\/wp-json\/wp\/v2\/categories?post=26034"},{"taxonomy":"post_tag","embeddable":true,"href":"https:\/\/www.ambienteyenergia.gob.ec\/ambiente\/wp-json\/wp\/v2\/tags?post=26034"}],"curies":[{"name":"wp","href":"https:\/\/api.w.org\/{rel}","templated":true}]}}