{"id":26028,"date":"2015-08-17T08:11:35","date_gmt":"2015-08-17T13:11:35","guid":{"rendered":"http:\/\/www.ambiente.gob.ec\/?p=26028"},"modified":"2015-08-17T08:37:11","modified_gmt":"2015-08-17T13:37:11","slug":"tortugas-marinas-se-rehabilitan-en-machalilla","status":"publish","type":"post","link":"https:\/\/www.ambienteyenergia.gob.ec\/ambiente\/tortugas-marinas-se-rehabilitan-en-machalilla\/","title":{"rendered":"Tortugas marinas se rehabilitan en Machalilla"},"content":{"rendered":"<p>Dos tortugas golfinas y tres tortugas verdes, que se encontraban en el acuario de la Comuna Valdivia de Santa Elena, fueron trasladadas al Centro de Rehabilitaci\u00f3n y Rescate del Parque Nacional Machalilla (PNM) ubicado en Puerto L\u00f3pez, para iniciar su proceso de rehabilitaci\u00f3n, pues presentaban heridas.<\/p>\n<p>Este fue un trabajo coordinado por las Direcciones provinciales del Ambiente de Santa Elena y Manab\u00ed, a trav\u00e9s de las \u00e1reas protegidas: Reserva Marina El Pelado y El Parque Nacional Machalilla, respectivamente.<\/p>\n<p>Al momento de la revisi\u00f3n de las cincos tortugas heridas por parte del veterinario de Machalilla, pudo diagnosticar que las especies presentaban golpes de h\u00e9lice con el 50% de par\u00e1sitos (Sanguijuelas). \u201cComo todas se encontraban en el mismo reservorio contrajeron este par\u00e1sito, es por es que procedimos a ponerlas en cuarentena mientras se recuperan\u201d, dijo Luciano Ponce, bi\u00f3logo del PNM.<\/p>\n<p>Ponce, indic\u00f3 que se procedi\u00f3 a realizar la apertura de una ficha de registro donde se detalla el diagn\u00f3stico de cada una de las tortugas, una vez que salgan de la cuarentena pasar\u00e1n a la piscina de tratamiento y rehabilitaci\u00f3n.<\/p>\n<p>Se prev\u00e9 que estos espec\u00edmenes permanezcan en el centro de rehabilitaci\u00f3n durante un per\u00edodo de 15 semanas, en el cual se realizar\u00e1 observaci\u00f3n por parte de los veterinarios con: alimentaci\u00f3n, medicamentos y cuidados especiales, una vez que est\u00e9n rehabilitadas ser\u00e1n reinsertadas a su h\u00e1bitat natural.<\/p>\n<p>El \u00a0PNM, cuenta con el \u00a0\u00fanico centro de rehabilitaci\u00f3n de fauna marina de la costa del pa\u00eds, que alberga fauna marina y acu\u00e1ticas.<\/p>\n","protected":false},"excerpt":{"rendered":"<p class=\"excerpt\">Dos tortugas golfinas y tres tortugas verdes, que se encontraban en el acuario de la Comuna Valdivia de Santa Elena, fueron trasladadas al Centro de Rehabilitaci\u00f3n y Rescate del Parque Nacional Machalilla (PNM) ubicado en Puerto L\u00f3pez, para iniciar su proceso de rehabilitaci\u00f3n, pues presentaban heridas. Este fue un trabajo coordinado por las Direcciones provinciales del Ambiente de Santa Elena&hellip; <a href=\"https:\/\/www.ambienteyenergia.gob.ec\/ambiente\/tortugas-marinas-se-rehabilitan-en-machalilla\/\">Read more &rarr;<\/a><\/p>\n","protected":false},"author":13,"featured_media":26029,"comment_status":"open","ping_status":"open","sticky":false,"template":"","format":"standard","meta":{"footnotes":""},"categories":[16,4],"tags":[108,284,53,892,651,408],"class_list":["post-26028","post","type-post","status-publish","format-standard","has-post-thumbnail","hentry","category-comunicamos","category-noticias","tag-lorena-tapia","tag-machalilla","tag-mae","tag-rehabilitacion","tag-tortugas-marinas","tag-vida-silvestre","xfolkentry"],"_links":{"self":[{"href":"https:\/\/www.ambienteyenergia.gob.ec\/ambiente\/wp-json\/wp\/v2\/posts\/26028","targetHints":{"allow":["GET"]}}],"collection":[{"href":"https:\/\/www.ambienteyenergia.gob.ec\/ambiente\/wp-json\/wp\/v2\/posts"}],"about":[{"href":"https:\/\/www.ambienteyenergia.gob.ec\/ambiente\/wp-json\/wp\/v2\/types\/post"}],"author":[{"embeddable":true,"href":"https:\/\/www.ambienteyenergia.gob.ec\/ambiente\/wp-json\/wp\/v2\/users\/13"}],"replies":[{"embeddable":true,"href":"https:\/\/www.ambienteyenergia.gob.ec\/ambiente\/wp-json\/wp\/v2\/comments?post=26028"}],"version-history":[{"count":0,"href":"https:\/\/www.ambienteyenergia.gob.ec\/ambiente\/wp-json\/wp\/v2\/posts\/26028\/revisions"}],"wp:featuredmedia":[{"embeddable":true,"href":"https:\/\/www.ambienteyenergia.gob.ec\/ambiente\/wp-json\/wp\/v2\/media\/26029"}],"wp:attachment":[{"href":"https:\/\/www.ambienteyenergia.gob.ec\/ambiente\/wp-json\/wp\/v2\/media?parent=26028"}],"wp:term":[{"taxonomy":"category","embeddable":true,"href":"https:\/\/www.ambienteyenergia.gob.ec\/ambiente\/wp-json\/wp\/v2\/categories?post=26028"},{"taxonomy":"post_tag","embeddable":true,"href":"https:\/\/www.ambienteyenergia.gob.ec\/ambiente\/wp-json\/wp\/v2\/tags?post=26028"}],"curies":[{"name":"wp","href":"https:\/\/api.w.org\/{rel}","templated":true}]}}