{"id":26023,"date":"2015-08-14T18:01:29","date_gmt":"2015-08-14T23:01:29","guid":{"rendered":"http:\/\/www.ambiente.gob.ec\/?p=26023"},"modified":"2015-08-17T08:06:32","modified_gmt":"2015-08-17T13:06:32","slug":"mae-realiza-charla-y-taller-de-huertos-ecologicos-en-estero-las-ranas","status":"publish","type":"post","link":"https:\/\/www.ambienteyenergia.gob.ec\/ambiente\/mae-realiza-charla-y-taller-de-huertos-ecologicos-en-estero-las-ranas\/","title":{"rendered":"MAE realiza charla y taller de huertos ecol\u00f3gicos en Estero Las Ranas"},"content":{"rendered":"<p style=\"text-align: justify;\">El Ministerio del Ambiente a trav\u00e9s del Proyecto de recuperaci\u00f3n de las \u00e1reas protegidas de la ciudad de Guayaquil: Estero Salado e Isla Santay (PRESIS), realiz\u00f3 esta tarde una charla de educaci\u00f3n ambiental y taller de huertos ecol\u00f3gicos en la Calle G entre Leonidas Plaza y Alberto Guerrero Mart\u00ednez, Estero Las Ranas.<\/p>\n<p style=\"text-align: justify;\">Moradores del sector formaron parte de esta jornada ecol\u00f3gica en donde el proyecto PRESIS impuls\u00f3 la importancia que representa el adecuado manejo de desechos s\u00f3lidos, para poder as\u00ed generar una cultura de reciclaje y protecci\u00f3n del cuidado del Estero Salado y el\u00a0medio ambiente.<\/p>\n<p style=\"text-align: justify;\">Adem\u00e1s se explic\u00f3 paso a paso c\u00f3mo se realiza un huerto a base materiales reciclados es decir: botellas y tubos pl\u00e1sticos, bloques, entre otros materiales.\u00a0 Se mostr\u00f3 tambi\u00e9n c\u00f3mo se puede mezclar tierra de sembrado con tierra com\u00fan y que a base de botellas pl\u00e1sticas se puede realizar un macetero para el huerto. Asimismo se brind\u00f3 consejos para \u00a0prevenir y ahuyentar la plaga del pulg\u00f3n de forma natural.<\/p>\n<p style=\"text-align: justify;\">\u201cSiempre me ha gustado sembrar porque lo hago en familia. Hemos sembrado maracuy\u00e1, badea, pimiento y tomate, a las cuales desafortunadamente le cayeron la plaga del pulg\u00f3n pero gracias a las recomendaciones dadas hoy por el MAE de que existen maneras de controlar esta amenaza sabremos como protege mis huertos ecol\u00f3gicos de estos males\u201d coment\u00f3 Gabriela Salavarr\u00eda habitante del sector del Estero Las Ranas.<\/p>\n<p style=\"text-align: justify;\">El Proyecto PRESIS emprende diferentes estrategias y actividades de educaci\u00f3n ambiental y social en los distintos ramales del Estero Salado. Tambi\u00e9n promueve talleres para que la comunidad se involucre en la protecci\u00f3n y cuidado del medio ambiente , as\u00ed como tambi\u00e9n socializa las labores que realiza el MAE para la recuperaci\u00f3n del Estero Salado.<\/p>\n<p>&nbsp;<\/p>\n","protected":false},"excerpt":{"rendered":"<p class=\"excerpt\">El Ministerio del Ambiente a trav\u00e9s del Proyecto de recuperaci\u00f3n de las \u00e1reas protegidas de la ciudad de Guayaquil: Estero Salado e Isla Santay (PRESIS), realiz\u00f3 esta tarde una charla de educaci\u00f3n ambiental y taller de huertos ecol\u00f3gicos en la Calle G entre Leonidas Plaza y Alberto Guerrero Mart\u00ednez, Estero Las Ranas. Moradores del sector formaron parte de esta jornada&hellip; <a href=\"https:\/\/www.ambienteyenergia.gob.ec\/ambiente\/mae-realiza-charla-y-taller-de-huertos-ecologicos-en-estero-las-ranas\/\">Read more &rarr;<\/a><\/p>\n","protected":false},"author":13,"featured_media":26024,"comment_status":"open","ping_status":"open","sticky":false,"template":"","format":"standard","meta":{"footnotes":""},"categories":[16,4],"tags":[76,63,374,387],"class_list":["post-26023","post","type-post","status-publish","format-standard","has-post-thumbnail","hentry","category-comunicamos","category-noticias","tag-estero-salado","tag-guayas","tag-isla-santay","tag-mae-lorena-tapia","xfolkentry"],"_links":{"self":[{"href":"https:\/\/www.ambienteyenergia.gob.ec\/ambiente\/wp-json\/wp\/v2\/posts\/26023","targetHints":{"allow":["GET"]}}],"collection":[{"href":"https:\/\/www.ambienteyenergia.gob.ec\/ambiente\/wp-json\/wp\/v2\/posts"}],"about":[{"href":"https:\/\/www.ambienteyenergia.gob.ec\/ambiente\/wp-json\/wp\/v2\/types\/post"}],"author":[{"embeddable":true,"href":"https:\/\/www.ambienteyenergia.gob.ec\/ambiente\/wp-json\/wp\/v2\/users\/13"}],"replies":[{"embeddable":true,"href":"https:\/\/www.ambienteyenergia.gob.ec\/ambiente\/wp-json\/wp\/v2\/comments?post=26023"}],"version-history":[{"count":0,"href":"https:\/\/www.ambienteyenergia.gob.ec\/ambiente\/wp-json\/wp\/v2\/posts\/26023\/revisions"}],"wp:featuredmedia":[{"embeddable":true,"href":"https:\/\/www.ambienteyenergia.gob.ec\/ambiente\/wp-json\/wp\/v2\/media\/26024"}],"wp:attachment":[{"href":"https:\/\/www.ambienteyenergia.gob.ec\/ambiente\/wp-json\/wp\/v2\/media?parent=26023"}],"wp:term":[{"taxonomy":"category","embeddable":true,"href":"https:\/\/www.ambienteyenergia.gob.ec\/ambiente\/wp-json\/wp\/v2\/categories?post=26023"},{"taxonomy":"post_tag","embeddable":true,"href":"https:\/\/www.ambienteyenergia.gob.ec\/ambiente\/wp-json\/wp\/v2\/tags?post=26023"}],"curies":[{"name":"wp","href":"https:\/\/api.w.org\/{rel}","templated":true}]}}