{"id":26020,"date":"2015-08-13T17:36:13","date_gmt":"2015-08-13T22:36:13","guid":{"rendered":"http:\/\/www.ambiente.gob.ec\/?p=26020"},"modified":"2015-08-14T17:40:25","modified_gmt":"2015-08-14T22:40:25","slug":"ecuador-participa-en-la-primera-reunion-del-consejo-de-redparques-en-peru","status":"publish","type":"post","link":"https:\/\/www.ambienteyenergia.gob.ec\/ambiente\/ecuador-participa-en-la-primera-reunion-del-consejo-de-redparques-en-peru\/","title":{"rendered":"Ecuador participa en la primera reuni\u00f3n del Consejo de REDPARQUES en Per\u00fa"},"content":{"rendered":"<p style=\"text-align: justify;\">19 pa\u00edses de Am\u00e9rica Latina y el Caribe (Per\u00fa, Colombia, Ecuador, Guatemala, Uruguay, Brasil, Rep\u00fablica Dominicana, Costa Rica, Guyana, Paraguay, Honduras, Guyana Francesa, Chile, Bolivia, Panam\u00e1 y Venezuela) participan desde el 12 al 14 de agosto en la primera reuni\u00f3n del Consejo de la Red Latinoamericana de Cooperaci\u00f3n T\u00e9cnica en Parques Nacionales, otras \u00c1reas Protegidas, Flora y Fauna Silvestres (REDPARQUES), donde directores y especialistas de las entidades responsables de los sistemas nacionales de \u00e1reas protegidas comparten sus experiencias en estos temas.<\/p>\n<p style=\"text-align: justify;\">El primer d\u00eda, Per\u00fa y Colombia suscribieron un convenio binacional, con el fin de afianzar las acciones conjuntas que se vienen desarrollando entre ambos pa\u00edses para la adecuada gesti\u00f3n de sus \u00e1reas protegidas; as\u00ed como para el desarrollo sostenible de las comunidades que se encuentran en sus \u00e1mbitos geogr\u00e1ficos. El acuerdo fue suscrito entre el Servicio Nacional de \u00c1reas Naturales Protegidas por el Estado (SERNANP) y Parques Nacionales Naturales de Colombia.<\/p>\n<p style=\"text-align: justify;\">A estos convenios se suma el Ecuador como pa\u00eds inscrito al consejo de REDPARQUES mantiene compromisos binacionales tanto con Colombia como con Per\u00fa. \u201cEl Ecuador lleva por objetivo el fortalecimiento de la gesti\u00f3n de las \u00c1reas Protegidas en territorio nacional y en la zona de frontera, as\u00ed como la implementaci\u00f3n de iniciativas transfronterizas como la Reserva de Bi\u00f3sfera entre Ecuador y Per\u00fa, la cual se encuentra todav\u00eda en discusi\u00f3n\u201d se\u00f1al\u00f3 el Director Nacional de Biodiversidad, Blgo. Francisco Prieto.<\/p>\n<p style=\"text-align: justify;\">Adem\u00e1s, en el encuentro se debatir\u00e1 la propuesta de Declaraci\u00f3n de REDPARQUES sobre cambio clim\u00e1tico y \u00c1reas Protegidas para la COP 21 que se realizar\u00e1 el pr\u00f3ximo a\u00f1o en Par\u00eds. Este documento resaltar\u00e1 el rol fundamental que cumplen las ANP ante el cambio clim\u00e1tico y las soluciones naturales que brindan como parte de una estrategia de mitigaci\u00f3n y adaptaci\u00f3n.<\/p>\n<p style=\"text-align: justify;\">Durante las pr\u00f3ximas horas se continuar\u00e1 con la presentaci\u00f3n de exitosas experiencias desarrolladas como parte de esta red latinoamericana entre las que destacan el grupo marino costero y la red de comunicadores de cinco pa\u00edses que integran REDPARQUES, y se propondr\u00e1n nuevos grupos de trabajo como la red de turismo sostenible y la red de informaci\u00f3n. Tambi\u00e9n se presentar\u00e1n los avances de los proyectos REDPARQUES: Visi\u00f3n Amaz\u00f3nica: \u00c1reas Protegidas Soluciones Naturales frente al Cambio Clim\u00e1tico (SNACC) e Integraci\u00f3n de \u00c1reas Protegidas Amaz\u00f3nicas (IAPA). De igual manera, se actualizar\u00e1 el Plan de Acci\u00f3n de esta red latinoamericana para el periodo 2016 \u2013 2020.<\/p>\n<p style=\"text-align: justify;\">La reuni\u00f3n culminar\u00e1 con una visita a la Reserva Nacional de Lachay, \u00e1rea natural protegida ubicada en la regi\u00f3n Lima, donde los participantes conocer\u00e1n ecosistemas \u00fanicos de las lomas costeras.<\/p>\n<p style=\"text-align: justify;\"><strong>El dato<\/strong><\/p>\n<p style=\"text-align: justify;\">\u00bfSab\u00edas que el Per\u00fa es el actual Coordinador Regional de REDPARQUES? En el 2014 el SERNANP asumi\u00f3 esta importante labor por el per\u00edodo 2014-2016, lo que represent\u00f3 una gran oportunidad de liderazgo regional en el tema de \u00e1reas protegidas en Am\u00e9rica Latina.<\/p>\n","protected":false},"excerpt":{"rendered":"<p class=\"excerpt\">19 pa\u00edses de Am\u00e9rica Latina y el Caribe (Per\u00fa, Colombia, Ecuador, Guatemala, Uruguay, Brasil, Rep\u00fablica Dominicana, Costa Rica, Guyana, Paraguay, Honduras, Guyana Francesa, Chile, Bolivia, Panam\u00e1 y Venezuela) participan desde el 12 al 14 de agosto en la primera reuni\u00f3n del Consejo de la Red Latinoamericana de Cooperaci\u00f3n T\u00e9cnica en Parques Nacionales, otras \u00c1reas Protegidas, Flora y Fauna Silvestres (REDPARQUES),&hellip; <a href=\"https:\/\/www.ambienteyenergia.gob.ec\/ambiente\/ecuador-participa-en-la-primera-reunion-del-consejo-de-redparques-en-peru\/\">Read more &rarr;<\/a><\/p>\n","protected":false},"author":13,"featured_media":25241,"comment_status":"open","ping_status":"open","sticky":false,"template":"","format":"standard","meta":{"footnotes":""},"categories":[16,4],"tags":[755,387,833],"class_list":["post-26020","post","type-post","status-publish","format-standard","has-post-thumbnail","hentry","category-comunicamos","category-noticias","tag-cop21","tag-mae-lorena-tapia","tag-onu-redd","xfolkentry"],"_links":{"self":[{"href":"https:\/\/www.ambienteyenergia.gob.ec\/ambiente\/wp-json\/wp\/v2\/posts\/26020","targetHints":{"allow":["GET"]}}],"collection":[{"href":"https:\/\/www.ambienteyenergia.gob.ec\/ambiente\/wp-json\/wp\/v2\/posts"}],"about":[{"href":"https:\/\/www.ambienteyenergia.gob.ec\/ambiente\/wp-json\/wp\/v2\/types\/post"}],"author":[{"embeddable":true,"href":"https:\/\/www.ambienteyenergia.gob.ec\/ambiente\/wp-json\/wp\/v2\/users\/13"}],"replies":[{"embeddable":true,"href":"https:\/\/www.ambienteyenergia.gob.ec\/ambiente\/wp-json\/wp\/v2\/comments?post=26020"}],"version-history":[{"count":0,"href":"https:\/\/www.ambienteyenergia.gob.ec\/ambiente\/wp-json\/wp\/v2\/posts\/26020\/revisions"}],"wp:featuredmedia":[{"embeddable":true,"href":"https:\/\/www.ambienteyenergia.gob.ec\/ambiente\/wp-json\/wp\/v2\/media\/25241"}],"wp:attachment":[{"href":"https:\/\/www.ambienteyenergia.gob.ec\/ambiente\/wp-json\/wp\/v2\/media?parent=26020"}],"wp:term":[{"taxonomy":"category","embeddable":true,"href":"https:\/\/www.ambienteyenergia.gob.ec\/ambiente\/wp-json\/wp\/v2\/categories?post=26020"},{"taxonomy":"post_tag","embeddable":true,"href":"https:\/\/www.ambienteyenergia.gob.ec\/ambiente\/wp-json\/wp\/v2\/tags?post=26020"}],"curies":[{"name":"wp","href":"https:\/\/api.w.org\/{rel}","templated":true}]}}