{"id":26018,"date":"2015-08-13T16:15:31","date_gmt":"2015-08-13T21:15:31","guid":{"rendered":"http:\/\/www.ambiente.gob.ec\/?p=26018"},"modified":"2015-08-14T17:34:07","modified_gmt":"2015-08-14T22:34:07","slug":"celebaracion-del-dia-interamericano-de-la-calidad-del-aire","status":"publish","type":"post","link":"https:\/\/www.ambienteyenergia.gob.ec\/ambiente\/celebaracion-del-dia-interamericano-de-la-calidad-del-aire\/","title":{"rendered":"Celebaraci\u00f3n del d\u00eda interamericano de la calidad del aire"},"content":{"rendered":"<p style=\"text-align: justify;\">El Ministerio del Ambiente, a trav\u00e9s la Direcci\u00f3n Provincial en Guayas con motivo de la celebraci\u00f3n del \u201cD\u00eda Interamericano de la Calidad del Aire\u201d, realizar\u00e1 un Panel Foro llamado \u201cLa Calidad del Aire es Vida\u201d, el d\u00eda 14 de agosto del presente a\u00f1o.<\/p>\n<p style=\"text-align: justify;\">Los puntos a considerar en el foro son los siguientes:<\/p>\n<ol style=\"text-align: justify;\">\n<li>Identificar la situaci\u00f3n actual de la calidad del aire en cada ciudad (an\u00e1lisis, identificaci\u00f3n de principales causas y efectos, con \u00e9nfasis en la salud humana y calidad ambiental local.<\/li>\n<li>Avances en la aplicaci\u00f3n de pol\u00edticas para mejoramiento de la calidad del aire desde el sector o instituci\u00f3n que representa.<\/li>\n<li>Propuestas de acci\u00f3n y coordinaci\u00f3n con el sector p\u00fablico y privado, universidades y organizaciones sociales para impulsar pol\u00edticas p\u00fablicas, programas y proyectos de educaci\u00f3n ambiental, mecanismos de control y monitoreo de la calidad del aire, reducci\u00f3n de \u00edndices de contaminaci\u00f3n, etc.<\/li>\n<\/ol>\n<p style=\"text-align: justify;\">Este evento contara con \u00a0la presencia del Ing. Qu\u00edmico Jos\u00e9 C\u00e1rdenas Decano de la Facultad de Ingenier\u00eda Qu\u00edmica, Ing. Industrial Isabel Guerra representante del Ecuador del convenio internacional de BASILEA,\u00a0 Lcda. Mar\u00eda Fernanda Cortez \u00a0Punto focal de cambio clim\u00e1tico y desertificaci\u00f3n y el Ing. Sabino Pineda Gerente General del ELICROM, como panelistas.<\/p>\n<p style=\"text-align: justify;\">Este foro se llevara a cabo en el auditorio de la facultad de Ciencias Naturales de la Universidad de Guayaquil (Av. Raul Gomez lince s\/n y Juan Tanca Marengo) a las 10:00.<\/p>\n","protected":false},"excerpt":{"rendered":"<p class=\"excerpt\">El Ministerio del Ambiente, a trav\u00e9s la Direcci\u00f3n Provincial en Guayas con motivo de la celebraci\u00f3n del \u201cD\u00eda Interamericano de la Calidad del Aire\u201d, realizar\u00e1 un Panel Foro llamado \u201cLa Calidad del Aire es Vida\u201d, el d\u00eda 14 de agosto del presente a\u00f1o. Los puntos a considerar en el foro son los siguientes: Identificar la situaci\u00f3n actual de la calidad&hellip; <a href=\"https:\/\/www.ambienteyenergia.gob.ec\/ambiente\/celebaracion-del-dia-interamericano-de-la-calidad-del-aire\/\">Read more &rarr;<\/a><\/p>\n","protected":false},"author":13,"featured_media":25264,"comment_status":"open","ping_status":"open","sticky":false,"template":"","format":"standard","meta":{"footnotes":""},"categories":[16,4],"tags":[53],"class_list":["post-26018","post","type-post","status-publish","format-standard","has-post-thumbnail","hentry","category-comunicamos","category-noticias","tag-mae","xfolkentry"],"_links":{"self":[{"href":"https:\/\/www.ambienteyenergia.gob.ec\/ambiente\/wp-json\/wp\/v2\/posts\/26018","targetHints":{"allow":["GET"]}}],"collection":[{"href":"https:\/\/www.ambienteyenergia.gob.ec\/ambiente\/wp-json\/wp\/v2\/posts"}],"about":[{"href":"https:\/\/www.ambienteyenergia.gob.ec\/ambiente\/wp-json\/wp\/v2\/types\/post"}],"author":[{"embeddable":true,"href":"https:\/\/www.ambienteyenergia.gob.ec\/ambiente\/wp-json\/wp\/v2\/users\/13"}],"replies":[{"embeddable":true,"href":"https:\/\/www.ambienteyenergia.gob.ec\/ambiente\/wp-json\/wp\/v2\/comments?post=26018"}],"version-history":[{"count":0,"href":"https:\/\/www.ambienteyenergia.gob.ec\/ambiente\/wp-json\/wp\/v2\/posts\/26018\/revisions"}],"wp:featuredmedia":[{"embeddable":true,"href":"https:\/\/www.ambienteyenergia.gob.ec\/ambiente\/wp-json\/wp\/v2\/media\/25264"}],"wp:attachment":[{"href":"https:\/\/www.ambienteyenergia.gob.ec\/ambiente\/wp-json\/wp\/v2\/media?parent=26018"}],"wp:term":[{"taxonomy":"category","embeddable":true,"href":"https:\/\/www.ambienteyenergia.gob.ec\/ambiente\/wp-json\/wp\/v2\/categories?post=26018"},{"taxonomy":"post_tag","embeddable":true,"href":"https:\/\/www.ambienteyenergia.gob.ec\/ambiente\/wp-json\/wp\/v2\/tags?post=26018"}],"curies":[{"name":"wp","href":"https:\/\/api.w.org\/{rel}","templated":true}]}}