{"id":26014,"date":"2015-08-14T12:39:56","date_gmt":"2015-08-14T17:39:56","guid":{"rendered":"http:\/\/www.ambiente.gob.ec\/?p=26014"},"modified":"2015-08-14T12:39:56","modified_gmt":"2015-08-14T17:39:56","slug":"parque-nacional-cotopaxi-se-encuentra-cerrado-por-incremento-en-actividad","status":"publish","type":"post","link":"https:\/\/www.ambienteyenergia.gob.ec\/ambiente\/parque-nacional-cotopaxi-se-encuentra-cerrado-por-incremento-en-actividad\/","title":{"rendered":"Parque Nacional Cotopaxi se encuentra cerrado por incremento en actividad"},"content":{"rendered":"<p style=\"text-align: justify;\">Hoy, en una rueda de prensa realizada en la Unidad Educativa Pimampiro en la Provincia de Imbabura, la ministra de Ambiente Lorena Tapia N\u00fa\u00f1ez y la Secretar\u00eda Nacional de Gesti\u00f3n de Riesgos, Mar\u00eda del Pilar Cornejo informaron la situaci\u00f3n actual del volc\u00e1n Cotopaxi.<\/p>\n<p style=\"text-align: justify;\">La Ministra Tapia se\u00f1alo que, \u201cEl Parque Nacional Cotopaxi y el \u00e1rea Nacional de Recreaci\u00f3n el Boliche se encuentra cerrado para el acceso a visitantes debido a las explosiones registradas y la presencia de ceniza y olor a azufre, activando los protocolos de seguridad\u201d.<\/p>\n<p style=\"text-align: justify;\">\u201cSe emite una resoluci\u00f3n de alerta amarilla para las provincias potencialmente afectadas, no solo por la ca\u00edda de ceniza sino por si hubiera un problema mayor se tomen las acciones del caso\u201d, se\u00f1alo Mar\u00eda\u00a0 del Pilar Cornejo.<\/p>\n<p style=\"text-align: justify;\">As\u00ed mismo, 15 personas que se encontraban dentro del Parque, en el Refugio y en las cercan\u00edas del volc\u00e1n fueron evacuadas sin novedad.<\/p>\n<p style=\"text-align: justify;\">Tras monitoreos realizados en el \u00e1rea no se detecto presencia de vida silvestre desde hace dos semanas. Mientras que cinco venados, dos osos de anteojos, un \u00e1guila arp\u00eda y dos c\u00f3ndores que se encuentran en el Centro de Rescate del Ilitio ser\u00e1n movilizados en el transcurso de la semana.<\/p>\n<p style=\"text-align: justify;\">El PNC cuanta con el personal calificado que en diferentes turnos cubren las 24 horas al d\u00eda y siete d\u00edas a la semana.<\/p>\n","protected":false},"excerpt":{"rendered":"<p class=\"excerpt\">Hoy, en una rueda de prensa realizada en la Unidad Educativa Pimampiro en la Provincia de Imbabura, la ministra de Ambiente Lorena Tapia N\u00fa\u00f1ez y la Secretar\u00eda Nacional de Gesti\u00f3n de Riesgos, Mar\u00eda del Pilar Cornejo informaron la situaci\u00f3n actual del volc\u00e1n Cotopaxi. La Ministra Tapia se\u00f1alo que, \u201cEl Parque Nacional Cotopaxi y el \u00e1rea Nacional de Recreaci\u00f3n el Boliche&hellip; <a href=\"https:\/\/www.ambienteyenergia.gob.ec\/ambiente\/parque-nacional-cotopaxi-se-encuentra-cerrado-por-incremento-en-actividad\/\">Read more &rarr;<\/a><\/p>\n","protected":false},"author":13,"featured_media":26016,"comment_status":"open","ping_status":"open","sticky":false,"template":"","format":"standard","meta":{"footnotes":""},"categories":[16,4],"tags":[187,813],"class_list":["post-26014","post","type-post","status-publish","format-standard","has-post-thumbnail","hentry","category-comunicamos","category-noticias","tag-cotopaxi","tag-parque-nacional-cotopaxi","xfolkentry"],"_links":{"self":[{"href":"https:\/\/www.ambienteyenergia.gob.ec\/ambiente\/wp-json\/wp\/v2\/posts\/26014","targetHints":{"allow":["GET"]}}],"collection":[{"href":"https:\/\/www.ambienteyenergia.gob.ec\/ambiente\/wp-json\/wp\/v2\/posts"}],"about":[{"href":"https:\/\/www.ambienteyenergia.gob.ec\/ambiente\/wp-json\/wp\/v2\/types\/post"}],"author":[{"embeddable":true,"href":"https:\/\/www.ambienteyenergia.gob.ec\/ambiente\/wp-json\/wp\/v2\/users\/13"}],"replies":[{"embeddable":true,"href":"https:\/\/www.ambienteyenergia.gob.ec\/ambiente\/wp-json\/wp\/v2\/comments?post=26014"}],"version-history":[{"count":0,"href":"https:\/\/www.ambienteyenergia.gob.ec\/ambiente\/wp-json\/wp\/v2\/posts\/26014\/revisions"}],"wp:featuredmedia":[{"embeddable":true,"href":"https:\/\/www.ambienteyenergia.gob.ec\/ambiente\/wp-json\/wp\/v2\/media\/26016"}],"wp:attachment":[{"href":"https:\/\/www.ambienteyenergia.gob.ec\/ambiente\/wp-json\/wp\/v2\/media?parent=26014"}],"wp:term":[{"taxonomy":"category","embeddable":true,"href":"https:\/\/www.ambienteyenergia.gob.ec\/ambiente\/wp-json\/wp\/v2\/categories?post=26014"},{"taxonomy":"post_tag","embeddable":true,"href":"https:\/\/www.ambienteyenergia.gob.ec\/ambiente\/wp-json\/wp\/v2\/tags?post=26014"}],"curies":[{"name":"wp","href":"https:\/\/api.w.org\/{rel}","templated":true}]}}