{"id":26009,"date":"2015-08-14T06:48:39","date_gmt":"2015-08-14T11:48:39","guid":{"rendered":"http:\/\/www.ambiente.gob.ec\/?p=26009"},"modified":"2015-08-14T07:06:56","modified_gmt":"2015-08-14T12:06:56","slug":"dia-interamericano-de-la-calidad-de-aire","status":"publish","type":"post","link":"https:\/\/www.ambienteyenergia.gob.ec\/ambiente\/dia-interamericano-de-la-calidad-de-aire\/","title":{"rendered":"D\u00eda Interamericano de la Calidad de Aire"},"content":{"rendered":"<p style=\"text-align: justify;\">En el Ecuador la contaminaci\u00f3n del aire constituye uno de los principales problemas de las zonas urbanas, debido a un alto volumen de producci\u00f3n industrial y un flujo intenso de veh\u00edculos sumados al desarrollo no planificado de la urbe, entre otros factores.<\/p>\n<p style=\"text-align: justify;\">Por ello, con el objetivo de concienciar a toda la poblaci\u00f3n sobre la importancia de no contaminar el ambiente y evitar el uso de elementos nocivos que afecten la atm\u00f3sfera, el Ministerio de Ambiente del Ecuador (MAE) a trav\u00e9s de la Subsecretar\u00eda de Calidad Ambiental, desarroll\u00f3 en el 2010 el \u201cPlan Nacional de la Calidad del Aire\u201d bajo el lineamiento de las Pol\u00edticas Ambientales Nacionales, donde se establece \u00a0la ejecuci\u00f3n del Plan el desarrollo del conocimiento, la prevenci\u00f3n y control de la contaminaci\u00f3n del aire, la institucionalidad y perfeccionamiento de la capacidad t\u00e9cnica.<\/p>\n<p style=\"text-align: justify;\">A esto se suma la Norma de Calidad del Aire Ambiente o Nivel de Inmisi\u00f3n, donde se establecen las concentraciones m\u00e1ximas permitidas para los contaminantes criterio (part\u00edculas sedimentables, material particulado menor a 10 micrones PM10, material particulado menor a 2.5 micrones PM2.5, Di\u00f3xido de azufre SO2, Mon\u00f3xido de carbono CO,Ozono, Di\u00f3xido de nitr\u00f3geno NO2) y de los contaminantes no convencionales con efectos t\u00f3xicos y\/o carcinog\u00e9nicos en el aire ambiente ( cadmio, mercurio y benceno).<\/p>\n<p style=\"text-align: justify;\">Bajo esta norma, el MAE ha firmado 17 convenios y contratos de comodato con Gobiernos Aut\u00f3nomos Descentralizados Municipales (GADMs) implementando as\u00ed, equipos de monitoreo de PM10 en las ciudades de Ambato, Riobamba, Santo Domingo de los Colorados, Latacunga, Ibarra, Manta, Portoviejo, Esmeraldas, Milagro, Loja, Azogues, Babahoyo, Quevedo, Rumi\u00f1ahui, Machala, Cuenca y Guayaquil. Esta herramienta es utilizada efectivamente por los t\u00e9cnicos de los GADMs gracias a la capacitaci\u00f3n realizada por especialistas del Ministerio del Ambiente.<\/p>\n<p style=\"text-align: justify;\">Los datos generados por los monitoreos de calidad del aire de la en las ciudades donde se encuentran instalados los equipos de material particulado PM10, son utilizados para evaluar la relaci\u00f3n\u00a0 costo efectividad de posibles estrategias de control de la contaminaci\u00f3n ambiental y son de extrema utilidad para las autoridades locales encargadas de coordinar y aplicar las medidas de gesti\u00f3n de la calidad del aire en su jurisdicci\u00f3n.<\/p>\n<p style=\"text-align: justify;\">De esta forma, el Ministerio del Ambiente promueve el mejoramiento de la calidad del aire en las zonas urbanas del pa\u00eds, a trav\u00e9s de la generaci\u00f3n de procesos de prevenci\u00f3n y la implementaci\u00f3n de herramientas de control de la contaminaci\u00f3n del aire. \/\/MH<\/p>\n<p style=\"text-align: justify;\"><strong>El Dato<\/strong><\/p>\n<p style=\"text-align: justify;\">Desde el 2002, cada segundo viernes de agosto, se conmemora el D\u00eda Interamericano de la Calidad de Aire, con el fin de promover y difundir los avances que en cada pa\u00eds se logran para garantizar una mejor calidad del aire para los habitantes en el mundo.<\/p>\n","protected":false},"excerpt":{"rendered":"<p class=\"excerpt\">En el Ecuador la contaminaci\u00f3n del aire constituye uno de los principales problemas de las zonas urbanas, debido a un alto volumen de producci\u00f3n industrial y un flujo intenso de veh\u00edculos sumados al desarrollo no planificado de la urbe, entre otros factores. Por ello, con el objetivo de concienciar a toda la poblaci\u00f3n sobre la importancia de no contaminar el&hellip; <a href=\"https:\/\/www.ambienteyenergia.gob.ec\/ambiente\/dia-interamericano-de-la-calidad-de-aire\/\">Read more &rarr;<\/a><\/p>\n","protected":false},"author":13,"featured_media":26011,"comment_status":"open","ping_status":"open","sticky":false,"template":"","format":"standard","meta":{"footnotes":""},"categories":[16,4],"tags":[485,108],"class_list":["post-26009","post","type-post","status-publish","format-standard","has-post-thumbnail","hentry","category-comunicamos","category-noticias","tag-aire","tag-lorena-tapia","xfolkentry"],"_links":{"self":[{"href":"https:\/\/www.ambienteyenergia.gob.ec\/ambiente\/wp-json\/wp\/v2\/posts\/26009","targetHints":{"allow":["GET"]}}],"collection":[{"href":"https:\/\/www.ambienteyenergia.gob.ec\/ambiente\/wp-json\/wp\/v2\/posts"}],"about":[{"href":"https:\/\/www.ambienteyenergia.gob.ec\/ambiente\/wp-json\/wp\/v2\/types\/post"}],"author":[{"embeddable":true,"href":"https:\/\/www.ambienteyenergia.gob.ec\/ambiente\/wp-json\/wp\/v2\/users\/13"}],"replies":[{"embeddable":true,"href":"https:\/\/www.ambienteyenergia.gob.ec\/ambiente\/wp-json\/wp\/v2\/comments?post=26009"}],"version-history":[{"count":0,"href":"https:\/\/www.ambienteyenergia.gob.ec\/ambiente\/wp-json\/wp\/v2\/posts\/26009\/revisions"}],"wp:featuredmedia":[{"embeddable":true,"href":"https:\/\/www.ambienteyenergia.gob.ec\/ambiente\/wp-json\/wp\/v2\/media\/26011"}],"wp:attachment":[{"href":"https:\/\/www.ambienteyenergia.gob.ec\/ambiente\/wp-json\/wp\/v2\/media?parent=26009"}],"wp:term":[{"taxonomy":"category","embeddable":true,"href":"https:\/\/www.ambienteyenergia.gob.ec\/ambiente\/wp-json\/wp\/v2\/categories?post=26009"},{"taxonomy":"post_tag","embeddable":true,"href":"https:\/\/www.ambienteyenergia.gob.ec\/ambiente\/wp-json\/wp\/v2\/tags?post=26009"}],"curies":[{"name":"wp","href":"https:\/\/api.w.org\/{rel}","templated":true}]}}