{"id":25994,"date":"2015-08-13T09:18:02","date_gmt":"2015-08-13T14:18:02","guid":{"rendered":"http:\/\/www.ambiente.gob.ec\/?p=25994"},"modified":"2015-08-13T12:19:46","modified_gmt":"2015-08-13T17:19:46","slug":"ecuador-concientiza-en-el-dia-mundial-del-sobregiro-ecologico","status":"publish","type":"post","link":"https:\/\/www.ambienteyenergia.gob.ec\/ambiente\/ecuador-concientiza-en-el-dia-mundial-del-sobregiro-ecologico\/","title":{"rendered":"Ecuador concientiza en el D\u00eda Mundial del Sobregiro Ecol\u00f3gico"},"content":{"rendered":"<p style=\"text-align: justify;\">Las tendencias de consumo actuales y el estilo de vida de la poblaci\u00f3n a nivel mundial hacen que hoy en d\u00eda sean necesarios 1,5 planetas para satisfacer nuestras necesidades. Estos resultados nos permiten evidenciar la situaci\u00f3n actual de un planeta, en el que cada vez la demanda humana excede la capacidad de la Tierra para regenerar los recursos de los cuales depende la biodiversidad y la vida humana en s\u00ed.<\/p>\n<p style=\"text-align: justify;\">Es as\u00ed que, el D\u00eda Mundial del Sobregiro Ecol\u00f3gico (Earth Overshoot Day) marca la fecha en que la demanda de recursos y servicios ecol\u00f3gicos por parte de la humanidad en un a\u00f1o determinado, excede lo que la Tierra puede regenerar en ese a\u00f1o.<\/p>\n<p style=\"text-align: justify;\">Por ello, el Ministerio de Ambiente del Ecuador (MAE) viene trabajando junto a Global Footprint Network (GFN) desde 2011 en la generaci\u00f3n de informaci\u00f3n de Huella Ecol\u00f3gica con el objeto de crear herramientas y emprender acciones encaminadas a un uso adecuado de los recursos naturales.<\/p>\n<p style=\"text-align: justify;\">Cabe recalcar que el Ecuador es el \u00fanico pa\u00eds en Latinoam\u00e9rica en calcular su Huella Ecol\u00f3gica con datos nacionales. Como resultado de este trabajo se tiene informaci\u00f3n a nivel nacional y sectorial. Los datos de Huella Ecol\u00f3gica obtenidos a nivel sectorial nos permiten visualizar los sectores en los que se est\u00e1n consumiendo mayor cantidad de recursos.<\/p>\n<p style=\"text-align: justify;\">En este sentido, la Huella Ecol\u00f3gica de un pa\u00eds puede dividirse en tres sectores o categor\u00edas: Consumo en Hogares, Formaci\u00f3n Bruta de Capital Fijo y Gobierno. Para el caso del Ecuador, en 2011 el 83% de la Huella Ecol\u00f3gica per c\u00e1pita de un ecuatoriano se atribuy\u00f3 al consumo en hogares, el cual puede desglosarse en alimentos, vivienda, transporte, bienes y servicios.<\/p>\n<p style=\"text-align: justify;\">La categor\u00eda alimentos constituye el componente principal que m\u00e1s aporta a la Huella en Hogares, seguido de transporte y bienes. En 2011, esta categor\u00eda represent\u00f3 el 50%, seguido por transporte con un 20% y bienes el 17%.<\/p>\n<p style=\"text-align: justify;\">El trabajo en Huella Ecol\u00f3gica Sectorial tambi\u00e9n ha permitido calcular la Huella Ecol\u00f3gica de una ciudad, para de esta forma identificar en qu\u00e9 puntos existe una mayor demanda de recursos y ayudar a los gobiernos locales a plantear alternativas para un uso sustentable de los mismos.<\/p>\n<p style=\"text-align: justify;\">As\u00ed, el Ministerio del Ambiente junto con la Secretar\u00eda de Ambiente del Municipio de Quito ha trabajado en la generaci\u00f3n de informaci\u00f3n de Huella Ecol\u00f3gica para el Distrito Metropolitano de Quito, capital del pa\u00eds; dando como resultado que la Huella Ecol\u00f3gica de un quite\u00f1o es mayor a la de un ecuatoriano promedio pero menor al promedio mundial.\u00a0 Adem\u00e1s, se pudo determinar que las categor\u00edas Transporte y Bienes son las categor\u00edas de mayor aumento en la Huella del DMQ y que los productos de origen animal generan una huella m\u00e1s alta comparada con otros.<\/p>\n<p style=\"text-align: justify;\">Toda esta informaci\u00f3n deja en evidencia que las decisiones diarias de consumo realizadas por las familias e individuos tienen un impacto significativo en la composici\u00f3n y tendencia de la Huella Ecol\u00f3gica.<\/p>\n<p style=\"text-align: justify;\">A partir de esto surge la inquietud, <em>\u00bfQu\u00e9 podemos hacer para cambiar esta situaci\u00f3n y contribuir a la reducci\u00f3n de la Huella Ecol\u00f3gica?<\/em><\/p>\n<p style=\"text-align: justify;\">La respuesta est\u00e1 en nuestras elecciones al momento de adquirir alg\u00fan bien o utilizar alg\u00fan servicio; optar por productos locales como por ejemplo frutas y verduras de tu regi\u00f3n, usar medios de transporte menos contaminantes o dejar tu veh\u00edculo en casa un d\u00eda son algunas acciones clave que aunque parezcan peque\u00f1as contribuyen de forma significativa a la reducci\u00f3n de la Huella Ecol\u00f3gica. La aplicaci\u00f3n de Buenas Pr\u00e1cticas Ambientales en nuestras actividades diarias y un uso adecuado de recursos encaminados a un consumo responsable permitir\u00e1n evitar el agotamiento de recursos que est\u00e1 causando el sobregiro ecol\u00f3gico a nivel mundial.<\/p>\n<p>&nbsp;<\/p>\n","protected":false},"excerpt":{"rendered":"<p class=\"excerpt\">Las tendencias de consumo actuales y el estilo de vida de la poblaci\u00f3n a nivel mundial hacen que hoy en d\u00eda sean necesarios 1,5 planetas para satisfacer nuestras necesidades. Estos resultados nos permiten evidenciar la situaci\u00f3n actual de un planeta, en el que cada vez la demanda humana excede la capacidad de la Tierra para regenerar los recursos de los&hellip; <a href=\"https:\/\/www.ambienteyenergia.gob.ec\/ambiente\/ecuador-concientiza-en-el-dia-mundial-del-sobregiro-ecologico\/\">Read more &rarr;<\/a><\/p>\n","protected":false},"author":13,"featured_media":25964,"comment_status":"open","ping_status":"open","sticky":false,"template":"","format":"standard","meta":{"footnotes":""},"categories":[16,4],"tags":[],"class_list":["post-25994","post","type-post","status-publish","format-standard","has-post-thumbnail","hentry","category-comunicamos","category-noticias","xfolkentry"],"_links":{"self":[{"href":"https:\/\/www.ambienteyenergia.gob.ec\/ambiente\/wp-json\/wp\/v2\/posts\/25994","targetHints":{"allow":["GET"]}}],"collection":[{"href":"https:\/\/www.ambienteyenergia.gob.ec\/ambiente\/wp-json\/wp\/v2\/posts"}],"about":[{"href":"https:\/\/www.ambienteyenergia.gob.ec\/ambiente\/wp-json\/wp\/v2\/types\/post"}],"author":[{"embeddable":true,"href":"https:\/\/www.ambienteyenergia.gob.ec\/ambiente\/wp-json\/wp\/v2\/users\/13"}],"replies":[{"embeddable":true,"href":"https:\/\/www.ambienteyenergia.gob.ec\/ambiente\/wp-json\/wp\/v2\/comments?post=25994"}],"version-history":[{"count":0,"href":"https:\/\/www.ambienteyenergia.gob.ec\/ambiente\/wp-json\/wp\/v2\/posts\/25994\/revisions"}],"wp:featuredmedia":[{"embeddable":true,"href":"https:\/\/www.ambienteyenergia.gob.ec\/ambiente\/wp-json\/wp\/v2\/media\/25964"}],"wp:attachment":[{"href":"https:\/\/www.ambienteyenergia.gob.ec\/ambiente\/wp-json\/wp\/v2\/media?parent=25994"}],"wp:term":[{"taxonomy":"category","embeddable":true,"href":"https:\/\/www.ambienteyenergia.gob.ec\/ambiente\/wp-json\/wp\/v2\/categories?post=25994"},{"taxonomy":"post_tag","embeddable":true,"href":"https:\/\/www.ambienteyenergia.gob.ec\/ambiente\/wp-json\/wp\/v2\/tags?post=25994"}],"curies":[{"name":"wp","href":"https:\/\/api.w.org\/{rel}","templated":true}]}}