{"id":25992,"date":"2015-08-13T12:16:52","date_gmt":"2015-08-13T17:16:52","guid":{"rendered":"http:\/\/www.ambiente.gob.ec\/?p=25992"},"modified":"2015-08-13T12:16:52","modified_gmt":"2015-08-13T17:16:52","slug":"ecuador-un-pais-que-toma-decisiones-hacia-la-sustentabilidad-para-prevenir-el-sobregiro-ecologico","status":"publish","type":"post","link":"https:\/\/www.ambienteyenergia.gob.ec\/ambiente\/ecuador-un-pais-que-toma-decisiones-hacia-la-sustentabilidad-para-prevenir-el-sobregiro-ecologico\/","title":{"rendered":"Ecuador: Un pa\u00eds que toma decisiones hacia la sustentabilidad para prevenir el sobregiro ecol\u00f3gico"},"content":{"rendered":"<p style=\"text-align: justify;\">Pese a tener una superficie relativamente peque\u00f1a, el Ecuador es considerado como uno de los pa\u00edses m\u00e1s ricos en biodiversidad y ecosistemas de todo el mundo; su posici\u00f3n geogr\u00e1fica privilegiada y la presencia de la cordillera de los Andes, determinan la existencia de una gran variedad de bosques y microclimas.<\/p>\n<p style=\"text-align: justify;\">Esta gran diversidad climas, ha permitido al Ecuador disponer de una inmensa variedad de recursos que permiten abastecer las necesidades de consumo de los ecuatorianos y de muchos otros pa\u00edses del mundo.<\/p>\n<p style=\"text-align: justify;\">Dentro del Plan Nacional de Desarrollo denominado \u201cPlan Nacional para el Buen Vivir 2013 \u2013 2017\u201d el Ecuador incluy\u00f3 como uno de sus objetivos \u201cGarantizar los derechos de la naturaleza y promover la sostenibilidad ambiental, territorial y global\u201d. Considerando que la mayor ventaja con la que cuenta el pa\u00eds es su biodiversidad, es fundamental saberla aprovechar de manera adecuada, mediante su conservaci\u00f3n y su uso sustentable.<\/p>\n<p style=\"text-align: justify;\">Es as\u00ed que el Ecuador es el primer pa\u00eds latinoamericano a nivel mundial en adoptar un indicador de sustentabilidad fuerte dentro de la planificaci\u00f3n nacional, y calcular la Huella Ecol\u00f3gica y Biocapacidad con datos oficiales.<\/p>\n<p style=\"text-align: justify;\">Por esto motivo, incorpor\u00f3 un indicador meta para medir la sustentabilidad, denominado <strong><em>\u201cBrecha entre Huella Ecol\u00f3gica y Biocapacidad\u201d<\/em><\/strong>. Tomando como premisa que el pa\u00eds todav\u00eda no sobrepasa sus l\u00edmites ecol\u00f3gicos, se ha planteado como meta evitar el d\u00e9ficit ecol\u00f3gico. En este contexto, se conformar\u00e1 un comit\u00e9 interinstitucional con el objetivo de analizar, formular, articular, implementar y dar seguimiento a la Pol\u00edtica P\u00fablica que permita promover el manejo y aprovechamiento de los recursos naturales, el desarrollo de ciertas actividades productivas y la adopci\u00f3n de medidas que permita reducir la Huella Ecol\u00f3gica y mantener la Biocapacidad previendo el <strong>sobregiro ecol\u00f3gico<\/strong> en la naci\u00f3n.<\/p>\n<p style=\"text-align: justify;\"><em>El Ministerio del Ambiente ha calculado el indicador con datos oficiales, teniendo una serie hist\u00f3rica de 2008 a 2011. Como datos generales, la Huella Ecol\u00f3gica per c\u00e1pita de un ecuatoriano promedio es aproximadamente 1,3 veces menor que la Huella Ecol\u00f3gica per c\u00e1pita mundial. Seg\u00fan los \u00faltimos datos, en 2011 el Ecuador ten\u00eda una Huella Ecol\u00f3gica de 1,94 hag per c\u00e1pita, y una Biocapacidad per c\u00e1pita de 2,39 hag per c\u00e1pita. Es decir, la Huella Ecol\u00f3gica del pa\u00eds es 1,2 veces menor que su Biocapacidad. <\/em><\/p>\n<p>&nbsp;<\/p>\n","protected":false},"excerpt":{"rendered":"<p class=\"excerpt\">Pese a tener una superficie relativamente peque\u00f1a, el Ecuador es considerado como uno de los pa\u00edses m\u00e1s ricos en biodiversidad y ecosistemas de todo el mundo; su posici\u00f3n geogr\u00e1fica privilegiada y la presencia de la cordillera de los Andes, determinan la existencia de una gran variedad de bosques y microclimas. Esta gran diversidad climas, ha permitido al Ecuador disponer de&hellip; <a href=\"https:\/\/www.ambienteyenergia.gob.ec\/ambiente\/ecuador-un-pais-que-toma-decisiones-hacia-la-sustentabilidad-para-prevenir-el-sobregiro-ecologico\/\">Read more &rarr;<\/a><\/p>\n","protected":false},"author":13,"featured_media":25964,"comment_status":"open","ping_status":"open","sticky":false,"template":"","format":"standard","meta":{"footnotes":""},"categories":[16,4],"tags":[124,387,891],"class_list":["post-25992","post","type-post","status-publish","format-standard","has-post-thumbnail","hentry","category-comunicamos","category-noticias","tag-huella-ecologica","tag-mae-lorena-tapia","tag-overshoot","xfolkentry"],"_links":{"self":[{"href":"https:\/\/www.ambienteyenergia.gob.ec\/ambiente\/wp-json\/wp\/v2\/posts\/25992","targetHints":{"allow":["GET"]}}],"collection":[{"href":"https:\/\/www.ambienteyenergia.gob.ec\/ambiente\/wp-json\/wp\/v2\/posts"}],"about":[{"href":"https:\/\/www.ambienteyenergia.gob.ec\/ambiente\/wp-json\/wp\/v2\/types\/post"}],"author":[{"embeddable":true,"href":"https:\/\/www.ambienteyenergia.gob.ec\/ambiente\/wp-json\/wp\/v2\/users\/13"}],"replies":[{"embeddable":true,"href":"https:\/\/www.ambienteyenergia.gob.ec\/ambiente\/wp-json\/wp\/v2\/comments?post=25992"}],"version-history":[{"count":0,"href":"https:\/\/www.ambienteyenergia.gob.ec\/ambiente\/wp-json\/wp\/v2\/posts\/25992\/revisions"}],"wp:featuredmedia":[{"embeddable":true,"href":"https:\/\/www.ambienteyenergia.gob.ec\/ambiente\/wp-json\/wp\/v2\/media\/25964"}],"wp:attachment":[{"href":"https:\/\/www.ambienteyenergia.gob.ec\/ambiente\/wp-json\/wp\/v2\/media?parent=25992"}],"wp:term":[{"taxonomy":"category","embeddable":true,"href":"https:\/\/www.ambienteyenergia.gob.ec\/ambiente\/wp-json\/wp\/v2\/categories?post=25992"},{"taxonomy":"post_tag","embeddable":true,"href":"https:\/\/www.ambienteyenergia.gob.ec\/ambiente\/wp-json\/wp\/v2\/tags?post=25992"}],"curies":[{"name":"wp","href":"https:\/\/api.w.org\/{rel}","templated":true}]}}