{"id":25984,"date":"2015-08-12T16:05:01","date_gmt":"2015-08-12T21:05:01","guid":{"rendered":"http:\/\/www.ambiente.gob.ec\/?p=25984"},"modified":"2015-08-12T16:05:01","modified_gmt":"2015-08-12T21:05:01","slug":"nuevo-punto-de-acopio-de-neumaticos-fuera-de-uso-en-tulcan","status":"publish","type":"post","link":"https:\/\/www.ambienteyenergia.gob.ec\/ambiente\/nuevo-punto-de-acopio-de-neumaticos-fuera-de-uso-en-tulcan\/","title":{"rendered":"Nuevo punto de acopio de neum\u00e1ticos fuera de uso en Tulc\u00e1n"},"content":{"rendered":"<p style=\"text-align: justify;\">El Ministerio de Ambiente del Ecuador (MAE) a trav\u00e9s del Programa Nacional para la Gesti\u00f3n Integral de Desechos S\u00f3lidos (PNGIDS) y con el apoyo de la empresa ECSADE S.A prestadora de servicio de Transporte y acopio de llantas en desuso; realiz\u00f3 la entrega de un punto de acopio temporal que estar\u00e1 ubicada en la Cooperativa de Transporte en Taxis \u201cLos Pupos\u201d.<\/p>\n<p style=\"text-align: justify;\">Gracias a la difusi\u00f3n de la campa\u00f1a para la recolecci\u00f3n de neum\u00e1ticos en desuso en las parroquias Urbana de Julio Andrade y Tulc\u00e1n; hasta mayo del 2015 la Direcci\u00f3n Provincial del Ambiente del Carchi a logrado la recolecci\u00f3n de 1100 neum\u00e1ticos para ser entregados en la empresa RUBBER ACCITI\u00d3N localizada en el Kil\u00f3metro 36 v\u00eda Puembo-Quito para su optimizaci\u00f3n y aprovechamiento de los componentes que contiene cada neum\u00e1tico.<\/p>\n<p style=\"text-align: justify;\">El Plan Nacional de Movilizaci\u00f3n de Neum\u00e1ticos Fuera de Uso (NFU) que lleva adelante el Ministerio del Ambiente desde el a\u00f1o 2012, cuenta ya con 770 puntos de recuperaci\u00f3n de NFU implementados por las empresas importadoras y productor de neum\u00e1ticos, 16 reencauchadoras, 7 recicladores artesanales y 8 plantas de reciclaje.<\/p>\n<p style=\"text-align: justify;\">Hasta la fecha, esta Cartera de Estado ha recuperado 600 mil unidades de neum\u00e1ticos de los cuales se recicl\u00f3 el 62%, se reencauch\u00f3 el 33% y el 5% se almacen\u00f3 temporalmente; la proyecci\u00f3n para este a\u00f1o es recuperar 942.976 neum\u00e1ticos usados.<\/p>\n<p style=\"text-align: justify;\">De esta manera, el Ministerio del Ambiente implementa acciones para promover el Buen Vivir de todos los ecuatorianos. \/\/MH<\/p>\n<p>&nbsp;<\/p>\n","protected":false},"excerpt":{"rendered":"<p class=\"excerpt\">El Ministerio de Ambiente del Ecuador (MAE) a trav\u00e9s del Programa Nacional para la Gesti\u00f3n Integral de Desechos S\u00f3lidos (PNGIDS) y con el apoyo de la empresa ECSADE S.A prestadora de servicio de Transporte y acopio de llantas en desuso; realiz\u00f3 la entrega de un punto de acopio temporal que estar\u00e1 ubicada en la Cooperativa de Transporte en Taxis \u201cLos&hellip; <a href=\"https:\/\/www.ambienteyenergia.gob.ec\/ambiente\/nuevo-punto-de-acopio-de-neumaticos-fuera-de-uso-en-tulcan\/\">Read more &rarr;<\/a><\/p>\n","protected":false},"author":13,"featured_media":25985,"comment_status":"open","ping_status":"open","sticky":false,"template":"","format":"standard","meta":{"footnotes":""},"categories":[16,4],"tags":[92,387,619],"class_list":["post-25984","post","type-post","status-publish","format-standard","has-post-thumbnail","hentry","category-comunicamos","category-noticias","tag-desechos-solidos","tag-mae-lorena-tapia","tag-neumaticos-fuera-de-uso","xfolkentry"],"_links":{"self":[{"href":"https:\/\/www.ambienteyenergia.gob.ec\/ambiente\/wp-json\/wp\/v2\/posts\/25984","targetHints":{"allow":["GET"]}}],"collection":[{"href":"https:\/\/www.ambienteyenergia.gob.ec\/ambiente\/wp-json\/wp\/v2\/posts"}],"about":[{"href":"https:\/\/www.ambienteyenergia.gob.ec\/ambiente\/wp-json\/wp\/v2\/types\/post"}],"author":[{"embeddable":true,"href":"https:\/\/www.ambienteyenergia.gob.ec\/ambiente\/wp-json\/wp\/v2\/users\/13"}],"replies":[{"embeddable":true,"href":"https:\/\/www.ambienteyenergia.gob.ec\/ambiente\/wp-json\/wp\/v2\/comments?post=25984"}],"version-history":[{"count":0,"href":"https:\/\/www.ambienteyenergia.gob.ec\/ambiente\/wp-json\/wp\/v2\/posts\/25984\/revisions"}],"wp:featuredmedia":[{"embeddable":true,"href":"https:\/\/www.ambienteyenergia.gob.ec\/ambiente\/wp-json\/wp\/v2\/media\/25985"}],"wp:attachment":[{"href":"https:\/\/www.ambienteyenergia.gob.ec\/ambiente\/wp-json\/wp\/v2\/media?parent=25984"}],"wp:term":[{"taxonomy":"category","embeddable":true,"href":"https:\/\/www.ambienteyenergia.gob.ec\/ambiente\/wp-json\/wp\/v2\/categories?post=25984"},{"taxonomy":"post_tag","embeddable":true,"href":"https:\/\/www.ambienteyenergia.gob.ec\/ambiente\/wp-json\/wp\/v2\/tags?post=25984"}],"curies":[{"name":"wp","href":"https:\/\/api.w.org\/{rel}","templated":true}]}}