{"id":25968,"date":"2015-08-12T08:16:37","date_gmt":"2015-08-12T13:16:37","guid":{"rendered":"http:\/\/www.ambiente.gob.ec\/?p=25968"},"modified":"2015-08-12T12:21:43","modified_gmt":"2015-08-12T17:21:43","slug":"juntos-por-una-generacion-verde","status":"publish","type":"post","link":"https:\/\/www.ambienteyenergia.gob.ec\/ambiente\/juntos-por-una-generacion-verde\/","title":{"rendered":"Juntos por una Generaci\u00f3n Verde"},"content":{"rendered":"<p>Por el antiguo Camino de los Puruhaes y rodeada por una naturaleza dotada de vertientes, \u00e1rboles nativos, p\u00e1jaros silvestres y una historia ancestral de se\u00f1or\u00edos \u00e9tnicos cuyo esp\u00edritu reposa entre secretos y cumbres se halla la pujante parroquia rural ind\u00edgena de Cacha, ubicada en el centro geogr\u00e1fico del pa\u00eds, a 11 Km. al este de la ciudad de Riobamba, en Chimborazo y parte integrante de ese virtuoso entorno conocido como el \u201cEcuador Verde\u201d.<\/p>\n<p>El 31 de julio, Cacha fue el escenario elegido por el Gobierno Nacional para verificar los resultados del Plan Nacional de Reforestaci\u00f3n, implementado por el Ministerio del Ambiente. Era la segunda vez, desde la \u00e9poca del presidente Jaime Rold\u00f3s, que un Primer Mandatario visitaba esta parroquia asentada en las faldas del coloso de Los Andes.<\/p>\n<p>El evento realizado en el Estadio de Guano fue el principal espacio de encuentro para compartir todos juntos el reconocimiento que la World Record Guinness, a trav\u00e9s de su representante Carlos Mart\u00ednez, hizo a nuestro pa\u00eds, como ganador del Record Mundial de Reforestaci\u00f3n, marcando un hito hist\u00f3rico en materia ambiental.<\/p>\n<p>M\u00e1s de 15 mil personas se dieron cita para compartir junto al Presidente de la Rep\u00fablica, Rafael Correa y la Ministra del Ambiente, Lorena Tapia este reconocimientos que hace \u00e9nfasis al esfuerzo de 60 mil ciudadanos que fueron capaces de sembrar, en tan solo ocho horas de trabajo, 765.073 plantas de 237 especies nativas, a lo largo y ancho del territorio nacional.<\/p>\n<p>El Presidente Rafael Correa fue enf\u00e1tico en reconocer que este logro no pudo ser alcanzado sin el apoyo y compromiso de cada ciudadano, sin el esfuerzo de cientos de familias comprometidas con la naturaleza, sin el aporte de la empresa privada, de la fuerza p\u00fablica, de la decisi\u00f3n y compromiso de los Gobiernos Aut\u00f3nomos Descentralizados y de todos quienes decidieron el 16 de mayo pasado decirle S\u00ed al \u201cSIEMBRAT\u00d3N\u201d para hoy compartir juntos una conquista aut\u00e9ntica que es del pa\u00eds y para el pa\u00eds.<\/p>\n<p>\u201cEcuador va por un camino correcto, creemos en una nueva visi\u00f3n ambiental y en la consolidaci\u00f3n de una \u201cGeneraci\u00f3n Verde\u201d que va m\u00e1s all\u00e1, mucho m\u00e1s all\u00e1 del discurso\u201d, resalt\u00f3 en su intervenci\u00f3n Lorena Tapia, Ministra del Ambiente al se\u00f1alar el alcance de esta marca ecologista mundial en materia de Restauraci\u00f3n Forestal.<\/p>\n<p>Bol\u00edvar Armijos, presidente del CONAGOPARE agradeci\u00f3 a la Ministra Tapia por los esfuerzos que se realizan favor de las parroquias rurales del pa\u00eds, reiterando su compromiso de apoyo a una gesti\u00f3n cuyos resultados se hallan a la vista de todos.<\/p>\n<p>\u201cJuntos por un Ecuador verde\u201d constituye un modelo de gesti\u00f3n para la consecuci\u00f3n exitosa del Plan Nacional de Restauraci\u00f3n Forestal, implementado por el Gobierno Nacional, a trav\u00e9s del Ministerio del Ambiente.<\/p>\n<p>Lograr hasta el 2017 una tasa de deforestaci\u00f3n cero es una meta cada vez m\u00e1s cercana. El evento hist\u00f3rico celebrado en Guano, Chimborazo testimonia el esfuerzo de todos quienes construimos un Ecuador que Ama la Vida.<\/p>\n<p>&nbsp;<\/p>\n","protected":false},"excerpt":{"rendered":"<p class=\"excerpt\">Por el antiguo Camino de los Puruhaes y rodeada por una naturaleza dotada de vertientes, \u00e1rboles nativos, p\u00e1jaros silvestres y una historia ancestral de se\u00f1or\u00edos \u00e9tnicos cuyo esp\u00edritu reposa entre secretos y cumbres se halla la pujante parroquia rural ind\u00edgena de Cacha, ubicada en el centro geogr\u00e1fico del pa\u00eds, a 11 Km. al este de la ciudad de Riobamba, en&hellip; <a href=\"https:\/\/www.ambienteyenergia.gob.ec\/ambiente\/juntos-por-una-generacion-verde\/\">Read more &rarr;<\/a><\/p>\n","protected":false},"author":13,"featured_media":25969,"comment_status":"open","ping_status":"open","sticky":false,"template":"","format":"standard","meta":{"footnotes":""},"categories":[16,4],"tags":[885,888,887,729,886,108,53,140,85],"class_list":["post-25968","post","type-post","status-publish","format-standard","has-post-thumbnail","hentry","category-comunicamos","category-noticias","tag-congope","tag-ecuador-no-para","tag-ecuador-verde","tag-generacion-verde","tag-guano","tag-lorena-tapia","tag-mae","tag-rafael-correa","tag-reforestacion","xfolkentry"],"_links":{"self":[{"href":"https:\/\/www.ambienteyenergia.gob.ec\/ambiente\/wp-json\/wp\/v2\/posts\/25968","targetHints":{"allow":["GET"]}}],"collection":[{"href":"https:\/\/www.ambienteyenergia.gob.ec\/ambiente\/wp-json\/wp\/v2\/posts"}],"about":[{"href":"https:\/\/www.ambienteyenergia.gob.ec\/ambiente\/wp-json\/wp\/v2\/types\/post"}],"author":[{"embeddable":true,"href":"https:\/\/www.ambienteyenergia.gob.ec\/ambiente\/wp-json\/wp\/v2\/users\/13"}],"replies":[{"embeddable":true,"href":"https:\/\/www.ambienteyenergia.gob.ec\/ambiente\/wp-json\/wp\/v2\/comments?post=25968"}],"version-history":[{"count":0,"href":"https:\/\/www.ambienteyenergia.gob.ec\/ambiente\/wp-json\/wp\/v2\/posts\/25968\/revisions"}],"wp:featuredmedia":[{"embeddable":true,"href":"https:\/\/www.ambienteyenergia.gob.ec\/ambiente\/wp-json\/wp\/v2\/media\/25969"}],"wp:attachment":[{"href":"https:\/\/www.ambienteyenergia.gob.ec\/ambiente\/wp-json\/wp\/v2\/media?parent=25968"}],"wp:term":[{"taxonomy":"category","embeddable":true,"href":"https:\/\/www.ambienteyenergia.gob.ec\/ambiente\/wp-json\/wp\/v2\/categories?post=25968"},{"taxonomy":"post_tag","embeddable":true,"href":"https:\/\/www.ambienteyenergia.gob.ec\/ambiente\/wp-json\/wp\/v2\/tags?post=25968"}],"curies":[{"name":"wp","href":"https:\/\/api.w.org\/{rel}","templated":true}]}}