{"id":25966,"date":"2015-08-12T12:07:59","date_gmt":"2015-08-12T17:07:59","guid":{"rendered":"http:\/\/www.ambiente.gob.ec\/?p=25966"},"modified":"2015-08-12T12:07:59","modified_gmt":"2015-08-12T17:07:59","slug":"ecuador-participa-en-encuentro-para-fortalecer-el-corredor-marino","status":"publish","type":"post","link":"https:\/\/www.ambienteyenergia.gob.ec\/ambiente\/ecuador-participa-en-encuentro-para-fortalecer-el-corredor-marino\/","title":{"rendered":"Ecuador participa en encuentro para fortalecer el Corredor Marino"},"content":{"rendered":"<p style=\"text-align: justify;\">\n<p style=\"text-align: justify;\">El Ministerio del Ambiente, a trav\u00e9s de la Subsecretar\u00eda de Gesti\u00f3n Marina y Costera, como punto focal nacional, representada por el Subsecretario\u00a0Douglas\u00a0Zavala\u00a0Reese, participa este 12 y\u00a013 de agosto del 2015, en el 2do taller \u201cEstudio de pre-factibilidad y formulaci\u00f3n de un proyecto para la adecuada gesti\u00f3n del Corredor Marino del Pac\u00edfico Este Tropical (CMAR)\u201d, encuentro que se desarrolla en la ciudad de\u00a0Pereira,\u00a0Colombia.<\/p>\n<p style=\"text-align: justify;\">\n<p style=\"text-align: justify;\">Quienes integran el\u00a0CMAR\u00a0son: Chile,\u00a0Colombia, Ecuador, Panam\u00e1 y Per\u00fa, d\u00e1ndose cita en este 2do taller, por la necesidad de contar con un mecanismo efectivo de coordinaci\u00f3n regional intergubernamental, que permita afrontar desaf\u00edos y aprovechar oportunidades de car\u00e1cter marino,\u00a0 para generar acciones concretas en pro de la\u00a0sostenibilidad\u00a0de los recursos que comparten\u00a0 los sitios de Patrimonio Mundial como: Gal\u00e1pagos en Ecuador, Isla del Coco en Costa Rica, los Parques Nacionales\u00a0Coiba\u00a0en Panam\u00e1; y,\u00a0Gorgona\u00a0y\u00a0Malpelo\u00a0en\u00a0Colombia.<\/p>\n<p style=\"text-align: justify;\">\n<p style=\"text-align: justify;\">La propuesta que Ecuador plantea est\u00e1 encaminada a:<\/p>\n<p style=\"text-align: justify;\"><strong>1)<\/strong>\u00a0Fortalecer el conocimiento cient\u00edfico en el Corredor Marino, con la finalidad de entender c\u00f3mo funciona el corredor de forma\u00a0ecosist\u00e9mica.<\/p>\n<p style=\"text-align: justify;\"><strong>2)<\/strong>\u00a0Fortalecer la colaboraci\u00f3n entre las diferentes \u00e1reas n\u00facleo en temas de conservaci\u00f3n, control y vigilancia; considerando, la gran\u00a0experticia\u00a0que tiene el Parque Nacional Gal\u00e1pagos en muchos de estos temas que ser\u00e1n de gran utilidad para los dem\u00e1s pa\u00edses.<\/p>\n<p style=\"text-align: justify;\"><strong>3)<\/strong>\u00a0Impulsar proyectos pilotos de conservaci\u00f3n de la biodiversidad, adaptaci\u00f3n cambio clim\u00e1tico y desarrollo sostenible en la regi\u00f3n de\u00a0CMAR, que ayuden a ejecutar actividades sustentable que puedan ser replicadas a nivel regional.<\/p>\n<p style=\"text-align: justify;\">Este documento fue elaborado por el Consorcio GITEC-MARVIVA; y socializado por la Subsecretar\u00eda de Gesti\u00f3n Marina y Costera, donde se obtuvo acotaciones pertinentes de todas las instituciones vinculadas al espacio marino costero del pa\u00eds.<\/p>\n<p style=\"text-align: justify;\">\n<p style=\"text-align: justify;\">El prop\u00f3sito del taller es establecer intervenciones concretas, con indicadores entre los integrantes del comit\u00e9, para posteriormente consolidarlo en un proyecto y presentarlo ante la\u00a0KFW\u00a0de Alemania, en septiembre del presente a\u00f1o.<\/p>\n","protected":false},"excerpt":{"rendered":"<p class=\"excerpt\">El Ministerio del Ambiente, a trav\u00e9s de la Subsecretar\u00eda de Gesti\u00f3n Marina y Costera, como punto focal nacional, representada por el Subsecretario\u00a0Douglas\u00a0Zavala\u00a0Reese, participa este 12 y\u00a013 de agosto del 2015, en el 2do taller \u201cEstudio de pre-factibilidad y formulaci\u00f3n de un proyecto para la adecuada gesti\u00f3n del Corredor Marino del Pac\u00edfico Este Tropical (CMAR)\u201d, encuentro que se desarrolla en la&hellip; <a href=\"https:\/\/www.ambienteyenergia.gob.ec\/ambiente\/ecuador-participa-en-encuentro-para-fortalecer-el-corredor-marino\/\">Read more &rarr;<\/a><\/p>\n","protected":false},"author":13,"featured_media":25241,"comment_status":"open","ping_status":"open","sticky":false,"template":"","format":"standard","meta":{"footnotes":""},"categories":[16,4],"tags":[387,884],"class_list":["post-25966","post","type-post","status-publish","format-standard","has-post-thumbnail","hentry","category-comunicamos","category-noticias","tag-mae-lorena-tapia","tag-marina-y-costera","xfolkentry"],"_links":{"self":[{"href":"https:\/\/www.ambienteyenergia.gob.ec\/ambiente\/wp-json\/wp\/v2\/posts\/25966","targetHints":{"allow":["GET"]}}],"collection":[{"href":"https:\/\/www.ambienteyenergia.gob.ec\/ambiente\/wp-json\/wp\/v2\/posts"}],"about":[{"href":"https:\/\/www.ambienteyenergia.gob.ec\/ambiente\/wp-json\/wp\/v2\/types\/post"}],"author":[{"embeddable":true,"href":"https:\/\/www.ambienteyenergia.gob.ec\/ambiente\/wp-json\/wp\/v2\/users\/13"}],"replies":[{"embeddable":true,"href":"https:\/\/www.ambienteyenergia.gob.ec\/ambiente\/wp-json\/wp\/v2\/comments?post=25966"}],"version-history":[{"count":0,"href":"https:\/\/www.ambienteyenergia.gob.ec\/ambiente\/wp-json\/wp\/v2\/posts\/25966\/revisions"}],"wp:featuredmedia":[{"embeddable":true,"href":"https:\/\/www.ambienteyenergia.gob.ec\/ambiente\/wp-json\/wp\/v2\/media\/25241"}],"wp:attachment":[{"href":"https:\/\/www.ambienteyenergia.gob.ec\/ambiente\/wp-json\/wp\/v2\/media?parent=25966"}],"wp:term":[{"taxonomy":"category","embeddable":true,"href":"https:\/\/www.ambienteyenergia.gob.ec\/ambiente\/wp-json\/wp\/v2\/categories?post=25966"},{"taxonomy":"post_tag","embeddable":true,"href":"https:\/\/www.ambienteyenergia.gob.ec\/ambiente\/wp-json\/wp\/v2\/tags?post=25966"}],"curies":[{"name":"wp","href":"https:\/\/api.w.org\/{rel}","templated":true}]}}