{"id":25963,"date":"2015-08-12T11:22:29","date_gmt":"2015-08-12T16:22:29","guid":{"rendered":"http:\/\/www.ambiente.gob.ec\/?p=25963"},"modified":"2015-08-12T15:29:31","modified_gmt":"2015-08-12T20:29:31","slug":"ecuador-impulsa-nuevas-iniciativas-para-reducir-la-huella-ecologica","status":"publish","type":"post","link":"https:\/\/www.ambienteyenergia.gob.ec\/ambiente\/ecuador-impulsa-nuevas-iniciativas-para-reducir-la-huella-ecologica\/","title":{"rendered":"Ecuador impulsa nuevas iniciativas para reducir la huella ecol\u00f3gica"},"content":{"rendered":"<p style=\"text-align: justify;\">La Huella Ecol\u00f3gica es una herramienta utilizada para medir la demanda de recursos naturales de la humanidad sobre la capacidad regenerativa de nuestro planeta, conocida como Biocapacidad mundial. Entonces, mediante el c\u00e1lculo de la huella ecol\u00f3gica podemos evaluar el impacto sobre el planeta de un determinado modo o forma de vida y compararlo con la biocapacidad del planeta; con el fin de trabajar en acciones que logren remediar el impacto ambiental generado por las personas.<\/p>\n<p style=\"text-align: justify;\">Es por esta raz\u00f3n que el Ministerio del Ambiente del Ecuador (MAE) como ente encargado de la generaci\u00f3n de pol\u00edticas para el manejo eficiente de los recursos naturales y en b\u00fasqueda de promover el consumo responsable en la poblaci\u00f3n, ha desarrollado las iniciativas denominadas \u201cConstrucci\u00f3n Participativa e Incluyente de Buenas Pr\u00e1cticas Ambientales \u2013 Universidad Verde\u201d y \u201cNuestra Huella sobre el Planeta \u2013 Barrio Verde\u201d, enfocadas a reducir la Huella Ecol\u00f3gica.<\/p>\n<p style=\"text-align: justify;\">La iniciativa \u201cUniversidad Verde\u201d naci\u00f3 con la visi\u00f3n de crear responsabilidad personal y colectiva sobre el uso adecuado de los recursos, as\u00ed como impulsar la aplicaci\u00f3n de buenas pr\u00e1cticas ambientales por parte del personal administrativo, docente y estudiantes de Universidades y Escuelas Polit\u00e9cnicas del pa\u00eds. Considerando que la educaci\u00f3n es un insumo clave para el cambio de los h\u00e1bitos en la ciudadan\u00eda, el Ministerio del Ambiente se encuentra trabajando con 12 instituciones a nivel nacional en esta iniciativa que busca fortalecer el trabajo Estado-Academia y promover el uso adecuado de recursos. Para alcanzar estos objetivos se han emprendido diferentes actividades como formaci\u00f3n de l\u00edderes ambientales a trav\u00e9s de capacitaciones y el desarrollo de un Manual de Buenas Pr\u00e1cticas Ambientales que permitir\u00e1 a la instituci\u00f3n implementar acciones para reducir su Huella Ecol\u00f3gica.<\/p>\n<p style=\"text-align: justify;\">Por otra parte, se impulsa la iniciativa \u201cBarrio Verde\u201d que busca estrechar los v\u00ednculos entre el Estado y la sociedad civil, mediante el trabajo directo con la comunidad para lograr fomentar conciencia ambiental y promover la reducci\u00f3n del consumo innecesario de recursos y la generaci\u00f3n de desechos. Para ello, esta Cartera de Estado se encuentra trabajando en una primera fase con tres barrios del Distrito Metropolitano de Quito: Atucucho, La Mena y Puertas del Sol, con un alcance de 5000 familias aproximadamente. El mecanismo empleado es la difusi\u00f3n de contenidos ambientales en los que se incluye Huella Ecol\u00f3gica con el fin de mostrar\u00a0 la importancia de un consumo responsable.<\/p>\n<p style=\"text-align: justify;\">El trabajo y esfuerzo que realicen tanto las Universidades y Escuelas Polit\u00e9cnicas, as\u00ed como las organizaciones barriales involucradas en estas iniciativas recibir\u00e1n como incentivo, una vez que se determine la disminuci\u00f3n del consumo de recursos, el Reconocimiento Ecuatoriano Ambiental \u201cPunto Verde\u201d; mismo que acredita a estos sectores como grupos que practican comportamientos sustentables y que mantienen un compromiso \u00e9tico con su localidad en el tema ambiental.<\/p>\n<p style=\"text-align: justify;\">Es as\u00ed que el Ministerio del Ambiente a trav\u00e9s de estos proyectos, busca implementar nuevos h\u00e1bitos ambientales como ejes fundamentales para la reducci\u00f3n de Huella Ecol\u00f3gica y la construcci\u00f3n de un Ecuador m\u00e1s amigable con el medio ambiente. \/\/MH<\/p>\n<p style=\"text-align: justify;\"><strong>\u00bfDeseas conocer m\u00e1s del D\u00eda de Sobregiro Ecol\u00f3gico y el papel del Ecuador en este tema?, visita: http:\/\/www.overshootday.org\/<\/strong><\/p>\n","protected":false},"excerpt":{"rendered":"<p class=\"excerpt\">La Huella Ecol\u00f3gica es una herramienta utilizada para medir la demanda de recursos naturales de la humanidad sobre la capacidad regenerativa de nuestro planeta, conocida como Biocapacidad mundial. Entonces, mediante el c\u00e1lculo de la huella ecol\u00f3gica podemos evaluar el impacto sobre el planeta de un determinado modo o forma de vida y compararlo con la biocapacidad del planeta; con el&hellip; <a href=\"https:\/\/www.ambienteyenergia.gob.ec\/ambiente\/ecuador-impulsa-nuevas-iniciativas-para-reducir-la-huella-ecologica\/\">Read more &rarr;<\/a><\/p>\n","protected":false},"author":13,"featured_media":25964,"comment_status":"open","ping_status":"open","sticky":false,"template":"","format":"standard","meta":{"footnotes":""},"categories":[16,4,10],"tags":[883,124,387],"class_list":["post-25963","post","type-post","status-publish","format-standard","has-post-thumbnail","hentry","category-comunicamos","category-noticias","category-noticias-destacadas","tag-footprint","tag-huella-ecologica","tag-mae-lorena-tapia","xfolkentry"],"_links":{"self":[{"href":"https:\/\/www.ambienteyenergia.gob.ec\/ambiente\/wp-json\/wp\/v2\/posts\/25963","targetHints":{"allow":["GET"]}}],"collection":[{"href":"https:\/\/www.ambienteyenergia.gob.ec\/ambiente\/wp-json\/wp\/v2\/posts"}],"about":[{"href":"https:\/\/www.ambienteyenergia.gob.ec\/ambiente\/wp-json\/wp\/v2\/types\/post"}],"author":[{"embeddable":true,"href":"https:\/\/www.ambienteyenergia.gob.ec\/ambiente\/wp-json\/wp\/v2\/users\/13"}],"replies":[{"embeddable":true,"href":"https:\/\/www.ambienteyenergia.gob.ec\/ambiente\/wp-json\/wp\/v2\/comments?post=25963"}],"version-history":[{"count":0,"href":"https:\/\/www.ambienteyenergia.gob.ec\/ambiente\/wp-json\/wp\/v2\/posts\/25963\/revisions"}],"wp:featuredmedia":[{"embeddable":true,"href":"https:\/\/www.ambienteyenergia.gob.ec\/ambiente\/wp-json\/wp\/v2\/media\/25964"}],"wp:attachment":[{"href":"https:\/\/www.ambienteyenergia.gob.ec\/ambiente\/wp-json\/wp\/v2\/media?parent=25963"}],"wp:term":[{"taxonomy":"category","embeddable":true,"href":"https:\/\/www.ambienteyenergia.gob.ec\/ambiente\/wp-json\/wp\/v2\/categories?post=25963"},{"taxonomy":"post_tag","embeddable":true,"href":"https:\/\/www.ambienteyenergia.gob.ec\/ambiente\/wp-json\/wp\/v2\/tags?post=25963"}],"curies":[{"name":"wp","href":"https:\/\/api.w.org\/{rel}","templated":true}]}}