{"id":25956,"date":"2015-08-12T09:54:15","date_gmt":"2015-08-12T14:54:15","guid":{"rendered":"http:\/\/www.ambiente.gob.ec\/?p=25956"},"modified":"2015-08-12T09:54:15","modified_gmt":"2015-08-12T14:54:15","slug":"urgente-direccion-provincial-del-ambiente-de-morona-santiago-trabaja-con-normalidad","status":"publish","type":"post","link":"https:\/\/www.ambienteyenergia.gob.ec\/ambiente\/urgente-direccion-provincial-del-ambiente-de-morona-santiago-trabaja-con-normalidad\/","title":{"rendered":"URGENTE: Direcci\u00f3n Provincial del Ambiente de Morona Santiago trabaja con normalidad"},"content":{"rendered":"<p><em>El Ministerio del Ambiente desmiente rumores que circulan en redes sociales sobre una supuesta paralizaci\u00f3n de las actividades de su dependencia provincial.<\/em><\/p>\n<p>La Direcci\u00f3n Provincial del Ambiente de Morona Santiago abri\u00f3 sus puertas a la ciudadan\u00eda con normalidad, luego de que la tarde y noche de ayer, un grupo de manifestantes atentaran contra sus instalaciones por motivos a\u00fan desconocidos.<\/p>\n<p>Estos altercados fueron resueltos gracias al di\u00e1logo de las autoridades y la comunidad, con el objetivo de evitar la paralizaci\u00f3n de las actividades y atenci\u00f3n ciudadana.<\/p>\n<p>El Ministerio del Ambiente, a trav\u00e9s de la Ministra Lorena Tapia, rechaza todo acto de violencia que atente contra la seguridad social y de los funcionarios que laboran en la instituci\u00f3n, as\u00ed mismo de las noticias mal intencionadas que intentan crear confusi\u00f3n en la ciudadan\u00eda.<\/p>\n","protected":false},"excerpt":{"rendered":"<p class=\"excerpt\">El Ministerio del Ambiente desmiente rumores que circulan en redes sociales sobre una supuesta paralizaci\u00f3n de las actividades de su dependencia provincial. La Direcci\u00f3n Provincial del Ambiente de Morona Santiago abri\u00f3 sus puertas a la ciudadan\u00eda con normalidad, luego de que la tarde y noche de ayer, un grupo de manifestantes atentaran contra sus instalaciones por motivos a\u00fan desconocidos. Estos&hellip; <a href=\"https:\/\/www.ambienteyenergia.gob.ec\/ambiente\/urgente-direccion-provincial-del-ambiente-de-morona-santiago-trabaja-con-normalidad\/\">Read more &rarr;<\/a><\/p>\n","protected":false},"author":13,"featured_media":25957,"comment_status":"open","ping_status":"open","sticky":false,"template":"","format":"standard","meta":{"footnotes":""},"categories":[16,4],"tags":[108,53,441],"class_list":["post-25956","post","type-post","status-publish","format-standard","has-post-thumbnail","hentry","category-comunicamos","category-noticias","tag-lorena-tapia","tag-mae","tag-morona-santiago","xfolkentry"],"_links":{"self":[{"href":"https:\/\/www.ambienteyenergia.gob.ec\/ambiente\/wp-json\/wp\/v2\/posts\/25956","targetHints":{"allow":["GET"]}}],"collection":[{"href":"https:\/\/www.ambienteyenergia.gob.ec\/ambiente\/wp-json\/wp\/v2\/posts"}],"about":[{"href":"https:\/\/www.ambienteyenergia.gob.ec\/ambiente\/wp-json\/wp\/v2\/types\/post"}],"author":[{"embeddable":true,"href":"https:\/\/www.ambienteyenergia.gob.ec\/ambiente\/wp-json\/wp\/v2\/users\/13"}],"replies":[{"embeddable":true,"href":"https:\/\/www.ambienteyenergia.gob.ec\/ambiente\/wp-json\/wp\/v2\/comments?post=25956"}],"version-history":[{"count":0,"href":"https:\/\/www.ambienteyenergia.gob.ec\/ambiente\/wp-json\/wp\/v2\/posts\/25956\/revisions"}],"wp:featuredmedia":[{"embeddable":true,"href":"https:\/\/www.ambienteyenergia.gob.ec\/ambiente\/wp-json\/wp\/v2\/media\/25957"}],"wp:attachment":[{"href":"https:\/\/www.ambienteyenergia.gob.ec\/ambiente\/wp-json\/wp\/v2\/media?parent=25956"}],"wp:term":[{"taxonomy":"category","embeddable":true,"href":"https:\/\/www.ambienteyenergia.gob.ec\/ambiente\/wp-json\/wp\/v2\/categories?post=25956"},{"taxonomy":"post_tag","embeddable":true,"href":"https:\/\/www.ambienteyenergia.gob.ec\/ambiente\/wp-json\/wp\/v2\/tags?post=25956"}],"curies":[{"name":"wp","href":"https:\/\/api.w.org\/{rel}","templated":true}]}}