{"id":25953,"date":"2015-08-11T17:09:52","date_gmt":"2015-08-11T22:09:52","guid":{"rendered":"http:\/\/www.ambiente.gob.ec\/?p=25953"},"modified":"2015-08-11T17:09:52","modified_gmt":"2015-08-11T22:09:52","slug":"4-103-631-00-invertidos-en-restauracion-forestal","status":"publish","type":"post","link":"https:\/\/www.ambienteyenergia.gob.ec\/ambiente\/4-103-631-00-invertidos-en-restauracion-forestal\/","title":{"rendered":"4&#8242; 103.631.00 invertidos en restauraci\u00f3n forestal"},"content":{"rendered":"<p>Dentro del proceso de restauraci\u00f3n forestal que plantea la recuperaci\u00f3n de los servicios ecosist\u00e9micos \u00a0y el manejo sustentable de recursos forestales,\u00a0 el Ministerio del Ambiente\u00a0 invierte en Azuay 4&#8242; 103.631.00\u00a0 que actualmente beneficia \u00a0a \u00a027 Gobiernos Aut\u00f3nomos Descentralizados (GAD) parroquiales rurales a trav\u00e9s de la intervenci\u00f3n de 5.518 hect\u00e1reas.<\/p>\n<p>Juan Carlos Valencia, Coordinador General Zonal 6 (Azuay, Ca\u00f1ar y Morona Santiago) explic\u00f3 que en el 2013 y 2014 se realizaron socializaciones del proyecto con los GAD parroquiales rurales de Azuay motiv\u00e1ndolos a formar parte de esta iniciativa.<\/p>\n<p>En ese mismo per\u00edodo, esta Cartera de Estado junto a los representantes de las 60 juntas parroquiales rurales y l\u00edderes de comunidades efectuaron estudios de campo para definir las \u00e1reas degradadas, con el objetivo de presentar una propuesta bajo el modelo del plan de restauraci\u00f3n.<\/p>\n<p>Con la documentaci\u00f3n habilitante, durante el 2014, 27 GAD parroquiales se incorporaron al proyecto mediante la suscripci\u00f3n de convenios con la asignaci\u00f3n de recursos no reembolsables para ejecutar el programa restauraci\u00f3n forestal con fines de conservaci\u00f3n ambiental y protecci\u00f3n de fuentes h\u00eddricas.<\/p>\n<p>Los Gad parroquiales beneficiarios del proyecto de restauraci\u00f3n forestal son: Guel, Molleturo, San Juan,\u00a0 Mariano Moreno, Remigio Crespo, San Rafael de Sharug,\u00a0 Jadan, Shaglli,\u00a0 El Carmen de Pijili, Chaucha,\u00a0 San Bartolom\u00e9, Paccha, Principal, Delegsol, Puzhio, La Uni\u00f3n,\u00a0 Cochapata,\u00a0 Daniel C\u00f3rdova, Luis Cordero, Las Nieves,\u00a0 Chican,\u00a0 Las Palmas, San Vicente, Sim\u00f3n Bol\u00edvar,\u00a0 Amaluza, San Jos\u00e9 de Raranga y Ludo.<\/p>\n<p>De \u00e9stos, San Jos\u00e9 de Raranga perteneciente al cant\u00f3n Sigsig y \u00a0San Juan del cant\u00f3n Gualaceo tienen la mayor cantidad de hect\u00e1reas para ser restauradas: 1000 y 500 hect\u00e1reas con montos de $ 741.460 y $ 376.012.26, respectivamente. Con 100 hect\u00e1reas de intervenci\u00f3n se registran, entre otros, \u00a0los GAD parroquiales: Sim\u00f3n Bol\u00edvar en el cant\u00f3n Gualaceo y San Rafael de Sharug en Pucar\u00e1 con el monto de 74.146.<\/p>\n<p>En \u00e1reas identificadas dentro de los 27 GAD parroquiales rurales, se han plantado \u00e1rboles nativos entre ellos: aliso, ca\u00f1aro, capul\u00ed, fresno, nogal, quinua, tilo.<\/p>\n<p>Olger Salazar presidente del Gad parroquial Sim\u00f3n Bol\u00edvar cant\u00f3n Gualaceo menciona que la comunidad ha tomado de manera positiva este proyecto, es por ello que en estos meses se encuentran realizado el mantenimiento a las plantas sembradas para garantizar su crecimiento.\u00a0 \u201cTambi\u00e9n hemos insistido a los propietarios de los terrenos donde se plantaron los \u00e1rboles nativos sobre los compromisos asumidos: no talar los \u00e1rboles\u00a0 bajo conservaci\u00f3n, no realizar pastoreo intensivo y prevenir incendios\u201d.<\/p>\n<p>Con la meta de\u00a0 restauraci\u00f3n de 500.000 hect\u00e1reas a nivel nacional hasta el 2017, Ecuador estar\u00eda en un balance positivo entre la deforestaci\u00f3n a restauraci\u00f3n.<\/p>\n","protected":false},"excerpt":{"rendered":"<p class=\"excerpt\">Dentro del proceso de restauraci\u00f3n forestal que plantea la recuperaci\u00f3n de los servicios ecosist\u00e9micos \u00a0y el manejo sustentable de recursos forestales,\u00a0 el Ministerio del Ambiente\u00a0 invierte en Azuay 4&#8242; 103.631.00\u00a0 que actualmente beneficia \u00a0a \u00a027 Gobiernos Aut\u00f3nomos Descentralizados (GAD) parroquiales rurales a trav\u00e9s de la intervenci\u00f3n de 5.518 hect\u00e1reas. Juan Carlos Valencia, Coordinador General Zonal 6 (Azuay, Ca\u00f1ar y Morona&hellip; <a href=\"https:\/\/www.ambienteyenergia.gob.ec\/ambiente\/4-103-631-00-invertidos-en-restauracion-forestal\/\">Read more &rarr;<\/a><\/p>\n","protected":false},"author":13,"featured_media":25954,"comment_status":"open","ping_status":"open","sticky":false,"template":"","format":"standard","meta":{"footnotes":""},"categories":[16,4],"tags":[133,581,108,53,712,459],"class_list":["post-25953","post","type-post","status-publish","format-standard","has-post-thumbnail","hentry","category-comunicamos","category-noticias","tag-cambio-climatico","tag-gad","tag-lorena-tapia","tag-mae","tag-patrimonio-natural","tag-restauracion-forestal","xfolkentry"],"_links":{"self":[{"href":"https:\/\/www.ambienteyenergia.gob.ec\/ambiente\/wp-json\/wp\/v2\/posts\/25953","targetHints":{"allow":["GET"]}}],"collection":[{"href":"https:\/\/www.ambienteyenergia.gob.ec\/ambiente\/wp-json\/wp\/v2\/posts"}],"about":[{"href":"https:\/\/www.ambienteyenergia.gob.ec\/ambiente\/wp-json\/wp\/v2\/types\/post"}],"author":[{"embeddable":true,"href":"https:\/\/www.ambienteyenergia.gob.ec\/ambiente\/wp-json\/wp\/v2\/users\/13"}],"replies":[{"embeddable":true,"href":"https:\/\/www.ambienteyenergia.gob.ec\/ambiente\/wp-json\/wp\/v2\/comments?post=25953"}],"version-history":[{"count":0,"href":"https:\/\/www.ambienteyenergia.gob.ec\/ambiente\/wp-json\/wp\/v2\/posts\/25953\/revisions"}],"wp:featuredmedia":[{"embeddable":true,"href":"https:\/\/www.ambienteyenergia.gob.ec\/ambiente\/wp-json\/wp\/v2\/media\/25954"}],"wp:attachment":[{"href":"https:\/\/www.ambienteyenergia.gob.ec\/ambiente\/wp-json\/wp\/v2\/media?parent=25953"}],"wp:term":[{"taxonomy":"category","embeddable":true,"href":"https:\/\/www.ambienteyenergia.gob.ec\/ambiente\/wp-json\/wp\/v2\/categories?post=25953"},{"taxonomy":"post_tag","embeddable":true,"href":"https:\/\/www.ambienteyenergia.gob.ec\/ambiente\/wp-json\/wp\/v2\/tags?post=25953"}],"curies":[{"name":"wp","href":"https:\/\/api.w.org\/{rel}","templated":true}]}}