{"id":25947,"date":"2015-08-07T16:47:45","date_gmt":"2015-08-07T21:47:45","guid":{"rendered":"http:\/\/www.ambiente.gob.ec\/?p=25947"},"modified":"2015-08-07T16:47:45","modified_gmt":"2015-08-07T21:47:45","slug":"13-5-m3-de-madera-nativa-ilegal-fue-decomisada-en-cajabamba","status":"publish","type":"post","link":"https:\/\/www.ambienteyenergia.gob.ec\/ambiente\/13-5-m3-de-madera-nativa-ilegal-fue-decomisada-en-cajabamba\/","title":{"rendered":"13.5 m3 de madera nativa ilegal fue decomisada en Cajabamba"},"content":{"rendered":"<p style=\"text-align: justify;\">Funcionarios de la Direcci\u00f3n Provincial del Ambiente de Chimborazo (DPACH) y de la Direcci\u00f3n Nacional Forestal (DNF), conjuntamente con el personal de la Unidad de Protecci\u00f3n de Medio Ambiente (UPMA) de la Polic\u00eda Nacional, retuvieron 1 veh\u00edculo durante un operativo de control forestal realizado en Cajabamba, en la provincia de Chimborazo.<\/p>\n<p style=\"text-align: justify;\">Es as\u00ed que la planificaci\u00f3n de control realizada por la Unidad de Patrimonio Natural del MAE, dio como resultado la tarde de ayer el decomiso de 13.5 m3 de madera nativa aserrada. Entre las especies forestales identificadas est\u00e1n: Sangre de Gallina, Sap\u00f3n de Paloma, Doncel y Guarango.<\/p>\n<p style=\"text-align: justify;\">El cami\u00f3n retenido no pose\u00eda la Gu\u00eda de movilizaci\u00f3n, documento habilitante que autoriza el transporte de recursos forestales en el pa\u00eds; por lo que se procedi\u00f3 a realizar la detenci\u00f3n del mismo.<\/p>\n<p style=\"text-align: justify;\">La madera decomisada se encuentra bajo custodia del MAE en Chimborazo, una vez agotado el tr\u00e1mite administrativo y determinada la responsabilidad del infractor forestal, se proceder\u00e1 a cumplir conforme lo establece la Ley Forestal y de Conservaci\u00f3n de \u00c1reas Naturales y Vida Silvestre.<\/p>\n<p style=\"text-align: justify;\">La tala indiscriminada, y los incendios reducen cada vez m\u00e1s los recursos forestales, es por ese motivo que el Ministerio del Ambiente \u00a0promueve el manejo sustentable de los recursos forestales en el pa\u00eds para el buen vivir de todos los ecuatorianos. \/\/MH<\/p>\n","protected":false},"excerpt":{"rendered":"<p class=\"excerpt\">Funcionarios de la Direcci\u00f3n Provincial del Ambiente de Chimborazo (DPACH) y de la Direcci\u00f3n Nacional Forestal (DNF), conjuntamente con el personal de la Unidad de Protecci\u00f3n de Medio Ambiente (UPMA) de la Polic\u00eda Nacional, retuvieron 1 veh\u00edculo durante un operativo de control forestal realizado en Cajabamba, en la provincia de Chimborazo. Es as\u00ed que la planificaci\u00f3n de control realizada por&hellip; <a href=\"https:\/\/www.ambienteyenergia.gob.ec\/ambiente\/13-5-m3-de-madera-nativa-ilegal-fue-decomisada-en-cajabamba\/\">Read more &rarr;<\/a><\/p>\n","protected":false},"author":13,"featured_media":25948,"comment_status":"open","ping_status":"open","sticky":false,"template":"","format":"standard","meta":{"footnotes":""},"categories":[16,4],"tags":[387],"class_list":["post-25947","post","type-post","status-publish","format-standard","has-post-thumbnail","hentry","category-comunicamos","category-noticias","tag-mae-lorena-tapia","xfolkentry"],"_links":{"self":[{"href":"https:\/\/www.ambienteyenergia.gob.ec\/ambiente\/wp-json\/wp\/v2\/posts\/25947","targetHints":{"allow":["GET"]}}],"collection":[{"href":"https:\/\/www.ambienteyenergia.gob.ec\/ambiente\/wp-json\/wp\/v2\/posts"}],"about":[{"href":"https:\/\/www.ambienteyenergia.gob.ec\/ambiente\/wp-json\/wp\/v2\/types\/post"}],"author":[{"embeddable":true,"href":"https:\/\/www.ambienteyenergia.gob.ec\/ambiente\/wp-json\/wp\/v2\/users\/13"}],"replies":[{"embeddable":true,"href":"https:\/\/www.ambienteyenergia.gob.ec\/ambiente\/wp-json\/wp\/v2\/comments?post=25947"}],"version-history":[{"count":0,"href":"https:\/\/www.ambienteyenergia.gob.ec\/ambiente\/wp-json\/wp\/v2\/posts\/25947\/revisions"}],"wp:featuredmedia":[{"embeddable":true,"href":"https:\/\/www.ambienteyenergia.gob.ec\/ambiente\/wp-json\/wp\/v2\/media\/25948"}],"wp:attachment":[{"href":"https:\/\/www.ambienteyenergia.gob.ec\/ambiente\/wp-json\/wp\/v2\/media?parent=25947"}],"wp:term":[{"taxonomy":"category","embeddable":true,"href":"https:\/\/www.ambienteyenergia.gob.ec\/ambiente\/wp-json\/wp\/v2\/categories?post=25947"},{"taxonomy":"post_tag","embeddable":true,"href":"https:\/\/www.ambienteyenergia.gob.ec\/ambiente\/wp-json\/wp\/v2\/tags?post=25947"}],"curies":[{"name":"wp","href":"https:\/\/api.w.org\/{rel}","templated":true}]}}