{"id":25383,"date":"2015-06-01T12:20:19","date_gmt":"2015-06-01T17:20:19","guid":{"rendered":"http:\/\/www.ambiente.gob.ec\/?p=25383"},"modified":"2015-06-01T12:20:19","modified_gmt":"2015-06-01T17:20:19","slug":"la-ue-y-america-latina-dialogaron-en-buenos-aires-sobre-perspectivas-y-futura-cooperacion-en-cambio-climatico","status":"publish","type":"post","link":"https:\/\/www.ambienteyenergia.gob.ec\/ambiente\/la-ue-y-america-latina-dialogaron-en-buenos-aires-sobre-perspectivas-y-futura-cooperacion-en-cambio-climatico\/","title":{"rendered":"La UE y Am\u00e9rica Latina dialogaron en Buenos Aires sobre perspectivas y futura cooperaci\u00f3n en cambio clim\u00e1tico"},"content":{"rendered":"<p align=\"JUSTIFY\"><i><span lang=\"es-EC\">Del 26 al 29 de mayo el Programa EUROCLIMA, financiado por la Uni\u00f3n Europea, realiz\u00f3 tres eventos en Buenos Aires para definir las prioridades de su cooperaci\u00f3n futura en cambio clim\u00e1tico con Am\u00e9rica Latina y analizar las pol\u00edticas p\u00fablicas existentes en este tema.<\/span><\/i><\/p>\n<p align=\"JUSTIFY\"><span lang=\"es-EC\">Dichos encuentros contaron con la participaci\u00f3n de 100 expertos latinoamericanos y europeos, en representaci\u00f3n de diversas instituciones y agencias nacionales, <\/span><span lang=\"es-EC\">que<\/span><span lang=\"es-EC\"> sirvieron para definir prioridades de la cooperaci\u00f3n en cambio clim\u00e1tico de la UE con la regi\u00f3n hasta el a\u00f1o 2020.<\/span><\/p>\n<p align=\"JUSTIFY\"><span lang=\"es-EC\">En primer lugar, la Comisi\u00f3n Econ\u00f3mica para Am\u00e9rica Latina y el Caribe (CEPAL), como agencia implementadora de EUROCLIMA, realiz\u00f3 un seminario el 26 y 27 de mayo donde se analizaron diversas opciones de\u00a0<\/span><span lang=\"es-EC\"><b>pol\u00edticas p\u00fablicas para afrontar al cambio clim\u00e1tico<\/b><\/span><span lang=\"es-EC\">, en especial vinculadas a las energ\u00edas renovables, la fiscalidad y las iniciativas de mitigaci\u00f3n y adaptaci\u00f3n.<\/span><\/p>\n<p align=\"JUSTIFY\"><span lang=\"es-EC\">Luego, el 28 de mayo se inici\u00f3 un\u00a0<\/span><span lang=\"es-EC\"><b>evento de consulta<\/b><\/span><span lang=\"es-EC\">\u00a0para dialogar sobre las prioridades que deber\u00e1 tener un\u00a0<\/span><span lang=\"es-EC\"><b>futuro programa regional de la Uni\u00f3n Europea con Am\u00e9rica Latina dedicado a la lucha contra el cambio clim\u00e1tico<\/b><\/span><span lang=\"es-EC\">\u00a0y a la sostenibilidad ambiental.<\/span><\/p>\n<p align=\"JUSTIFY\"><span lang=\"es-EC\">Adem\u00e1s, ese mismo d\u00eda y hoy viernes 29 se est\u00e1 llevando a cabo el primer\u00a0<\/span><span lang=\"es-EC\"><b>Taller regional de elaboraci\u00f3n de propuestas de financiamiento clim\u00e1tico<\/b><\/span><span lang=\"es-EC\">, donde se presentan los elementos necesarios para elaborar propuestas de adaptaci\u00f3n y mitigaci\u00f3n al cambio clim\u00e1tico para poder acceder al financiamiento internacional disponible en estos temas.<\/span><\/p>\n<p align=\"JUSTIFY\"><span lang=\"es-EC\">En la inauguraci\u00f3n del evento, el embajador Alfonso Diez Torres, Jefe de la Delegaci\u00f3n de la Uni\u00f3n Europea en Argentina, subray\u00f3 la importancia de EUROCLIMA y asegur\u00f3 que, en contexto de la preparaci\u00f3n para la COP21 en Paris, la UE seguir\u00e1 ayudando a los pa\u00edses latinoamericanos en sus esfuerzos contra el cambio clim\u00e1tico.<\/span><\/p>\n<p align=\"JUSTIFY\">\u201c<span lang=\"es-EC\">En el per\u00edodo 1990-2012, el PBI de la UE fue incrementado por unos 45% pero las emisiones de gases bajaron 19%, cabalmente gracias a las inversiones en la investigaci\u00f3n cient\u00edfica . La Am\u00e9rica Latina creci\u00f3 notablemente en los \u00faltimos a\u00f1os, pero la regi\u00f3n no es ajena al incremento de emisiones (entre 9 y 10%) que hoy, de hecho, est\u00e1 en el mismo nivel como la emisi\u00f3n en Europa. Los pa\u00edses latinoamericanos en ese contexto tienen la oportunidad de beneficiarse de las experiencias europeas y tambi\u00e9n de nuestros errores\u201d, se\u00f1al\u00f3 el Embajador D\u00edez Torres.<\/span><\/p>\n<p><span lang=\"es-EC\">Por su parte, el representante de la Secretar\u00eda de Ambiente y Desarrollo Sustentable de Argentina,\u00a0<\/span><span style=\"color: #222222;\"><span style=\"font-family: Arial;\">Miguel Garaycoechea, Director Nacional de Gesti\u00f3n para el Desarrollo Sustentable<\/span><\/span><span lang=\"es-EC\">, salud\u00f3<\/span>\u00a0<span lang=\"es-EC\">a los presentes y subray\u00f3 la importancia de este tipo de eventos para reforzar la cohesi\u00f3n y las sinergias entre los pa\u00edses latinoamericanos para afrontar los desaf\u00edos que presenta la lucha contra el cambio clim\u00e1tico.<\/span><\/p>\n<p><span lang=\"es-EC\">Durante estos d\u00edas, Aldo Perfetto, uno de los participantes por la Rep\u00fablica Bolivariana de Venezuela, se\u00f1al\u00f3:\u00a0este tipo de encuentros tiene significaci\u00f3n muy especial, ya que el intercambio de experiencias frente a una problem\u00e1tica com\u00fan permite crear capacidades para la aplicaci\u00f3n a nivel local y distrital, aunque tengamos diferentes modelos de desarrollo en la regi\u00f3n.<\/span><\/p>\n<p align=\"JUSTIFY\"><span lang=\"es-EC\">Los tres encuentros fueron organizados por EUROCLIMA, programa de la\u00a0<\/span>Uni\u00f3n Europea en la lucha contra el cambio clim\u00e1tico con Am\u00e9rica Latina. El programa trabaja en 18 pa\u00edses y su ejecuci\u00f3n est\u00e1 prevista hasta el a\u00f1o 2016.<\/p>\n<p><strong><span lang=\"es-EC\">Informaci\u00f3n adicional<\/span><\/strong><\/p>\n<p lang=\"es-EC\"><b>Cooperaci\u00f3n regional de la UE con Am\u00e9rica Latina<\/b><\/p>\n<p lang=\"es-EC\">La cooperaci\u00f3n regional de la UE con Am\u00e9rica Latina para el periodo 2014-2020 trabaja en los siguientes \u00e1mbitos:<\/p>\n<ul>\n<li><span lang=\"es-EC\">C<\/span><span lang=\"es-EC\">recimiento econ\u00f3mico integrador y sostenible, que aborde las deficiencias estructurales, la desigualdad econ\u00f3mica profunda y la confianza excesiva en la extracci\u00f3n de recursos naturales;<\/span><\/li>\n<li><span lang=\"es-EC\">R<\/span><span lang=\"es-EC\">efuerzo de las capacidades de las instituciones estatales responsables de la seguridad y del respeto del Estado de Derecho, a fin de mejorar los derechos humanos y la igualdad de g\u00e9nero, fomentar la confianza de los ciudadanos y reforzar el contrato social necesario para el \u00e9xito del desarrollo;<\/span><\/li>\n<li><span lang=\"es-EC\">M<\/span><span lang=\"es-EC\">ejoras en la gobernanza, la recaudaci\u00f3n de impuestos y el gasto, a fin de luchar contra la desigualdad, incrementar la cohesi\u00f3n social y responder a la demanda social creciente de servicios p\u00fablicos de calidad; y<\/span><\/li>\n<li><span lang=\"es-EC\">C<\/span><span lang=\"es-EC\">onciliaci\u00f3n de la sostenibilidad ambiental con el desarrollo constante en una regi\u00f3n muy expuesta al cambio clim\u00e1tico y a las cat\u00e1strofes naturales.<\/span><\/li>\n<\/ul>\n<p lang=\"es-EC\"><strong>EUROCLIMA, el programa para el cambio clim\u00e1tico de la UE con Am\u00e9rica Latina<\/strong><\/p>\n<p lang=\"es-EC\">El programa EUROCLIMA se ha convertido en el programa insignia de la Uni\u00f3n Europea en Am\u00e9rica Latina para la lucha contra el cambio clim\u00e1tico. Bajo el lema \u00abLa ciencia y la pol\u00edtica unidas frente al cambio clim\u00e1tico\u00bb, facilita la integraci\u00f3n de las estrategias y medidas de mitigaci\u00f3n y de adaptaci\u00f3n ante el cambio clim\u00e1tico en las pol\u00edticas y los planes p\u00fablicos de desarrollo en Am\u00e9rica Latina.<\/p>\n<p lang=\"es-EC\">Iniciado en 2010, el programa trabaja en 18 pa\u00edses de Am\u00e9rica Latina. Actualmente se encuentra en su segunda fase, centrada en tres componentes: el intercambio de informaci\u00f3n y de experiencias; las medidas de adaptaci\u00f3n y mitigaci\u00f3n con beneficios adicionales; y el mejorar la capacidad agr\u00edcola para mitigar los efectos y adaptarse al cambio clim\u00e1tico para mejorar la seguridad alimentaria.<\/p>\n<p lang=\"es-EC\">La contribuci\u00f3n total de la UE asciende a 16,4 millones de euros: 5 millones de euros en la primera fase (2010-2013) y 11,4 millones de euros en la segunda (2014-2016).<\/p>\n","protected":false},"excerpt":{"rendered":"<p class=\"excerpt\">Del 26 al 29 de mayo el Programa EUROCLIMA, financiado por la Uni\u00f3n Europea, realiz\u00f3 tres eventos en Buenos Aires para definir las prioridades de su cooperaci\u00f3n futura en cambio clim\u00e1tico con Am\u00e9rica Latina y analizar las pol\u00edticas p\u00fablicas existentes en este tema. Dichos encuentros contaron con la participaci\u00f3n de 100 expertos latinoamericanos y europeos, en representaci\u00f3n de diversas instituciones&hellip; <a href=\"https:\/\/www.ambienteyenergia.gob.ec\/ambiente\/la-ue-y-america-latina-dialogaron-en-buenos-aires-sobre-perspectivas-y-futura-cooperacion-en-cambio-climatico\/\">Read more &rarr;<\/a><\/p>\n","protected":false},"author":13,"featured_media":25241,"comment_status":"open","ping_status":"open","sticky":false,"template":"","format":"standard","meta":{"footnotes":""},"categories":[16,4],"tags":[773,775,774,108,53],"class_list":["post-25383","post","type-post","status-publish","format-standard","has-post-thumbnail","hentry","category-comunicamos","category-noticias","tag-eu","tag-euroclima","tag-latino-america","tag-lorena-tapia","tag-mae","xfolkentry"],"_links":{"self":[{"href":"https:\/\/www.ambienteyenergia.gob.ec\/ambiente\/wp-json\/wp\/v2\/posts\/25383","targetHints":{"allow":["GET"]}}],"collection":[{"href":"https:\/\/www.ambienteyenergia.gob.ec\/ambiente\/wp-json\/wp\/v2\/posts"}],"about":[{"href":"https:\/\/www.ambienteyenergia.gob.ec\/ambiente\/wp-json\/wp\/v2\/types\/post"}],"author":[{"embeddable":true,"href":"https:\/\/www.ambienteyenergia.gob.ec\/ambiente\/wp-json\/wp\/v2\/users\/13"}],"replies":[{"embeddable":true,"href":"https:\/\/www.ambienteyenergia.gob.ec\/ambiente\/wp-json\/wp\/v2\/comments?post=25383"}],"version-history":[{"count":0,"href":"https:\/\/www.ambienteyenergia.gob.ec\/ambiente\/wp-json\/wp\/v2\/posts\/25383\/revisions"}],"wp:featuredmedia":[{"embeddable":true,"href":"https:\/\/www.ambienteyenergia.gob.ec\/ambiente\/wp-json\/wp\/v2\/media\/25241"}],"wp:attachment":[{"href":"https:\/\/www.ambienteyenergia.gob.ec\/ambiente\/wp-json\/wp\/v2\/media?parent=25383"}],"wp:term":[{"taxonomy":"category","embeddable":true,"href":"https:\/\/www.ambienteyenergia.gob.ec\/ambiente\/wp-json\/wp\/v2\/categories?post=25383"},{"taxonomy":"post_tag","embeddable":true,"href":"https:\/\/www.ambienteyenergia.gob.ec\/ambiente\/wp-json\/wp\/v2\/tags?post=25383"}],"curies":[{"name":"wp","href":"https:\/\/api.w.org\/{rel}","templated":true}]}}