{"id":25319,"date":"2015-05-19T15:06:48","date_gmt":"2015-05-19T20:06:48","guid":{"rendered":"http:\/\/www.ambiente.gob.ec\/?p=25319"},"modified":"2015-05-25T15:09:44","modified_gmt":"2015-05-25T20:09:44","slug":"mae-capacito-a-guardabosques-de-las-comunidades-beneficiarias-del-programa-socio-bosque","status":"publish","type":"post","link":"https:\/\/www.ambienteyenergia.gob.ec\/ambiente\/mae-capacito-a-guardabosques-de-las-comunidades-beneficiarias-del-programa-socio-bosque\/","title":{"rendered":"MAE capacit\u00f3 a guardabosques de las comunidades beneficiarias del Programa Socio Bosque"},"content":{"rendered":"<p style=\"text-align: justify;\">El Ministerio del Ambiente (MAE), a trav\u00e9s de su Programa Socio Bosque, capacit\u00f3 a siete personas de diferentes comunidades de la provincia Morona Santiago. El tema principal de las charlas fue la educaci\u00f3n ambiental para la conservaci\u00f3n de la biodiversidad en el Ecuador.<\/p>\n<p style=\"text-align: justify;\">Esta Cartera de Estado lleva a cabo capacitaciones que contribuyen al fortalecimiento de las capacidades y experiencias de los guardabosques comunitarios, facilit\u00e1ndoles herramientas t\u00e9cnicas para el monitoreo y vigilancia de las \u00e1reas de conservaci\u00f3n.<\/p>\n<p style=\"text-align: justify;\">Es as\u00ed que, siete personas (dos guardabosques del \u00e1rea de Conservaci\u00f3n Municipal, tres promotores comunitarios \u201cCut\u00edn\u201d del Parque Nacional Sangay y dos guardabosques del Bosque Protector Collay) se capacitaron durante 40 horas, en lo te\u00f3rico y pr\u00e1ctico, acerca del an\u00e1lisis de la diversidad biol\u00f3gica y cultural del Ecuador. Adem\u00e1s recibieron informaci\u00f3n acerca de los roles y funciones que deben cumplir los guardabosques comunitarios.<\/p>\n<p style=\"text-align: justify;\">Por otro lado, los t\u00e9cnicos participaron en charlas acerca del manejo de ecosistemas de la provincia Morona Santiago, delimitaci\u00f3n de \u00e1reas, apertura de senderos, Eco-turismo, interpretaci\u00f3n en el parque Bot\u00e1nico regional de Suc\u00faa, visitas a zool\u00f3gicos, entre otros temas.<\/p>\n<p style=\"text-align: justify;\">Finalmente, se entreg\u00f3 certificados a todas las participantes, que durante toda la semana fueron instruidos de una manera completa en temas del cuidado ambiental. Entre los reconocimientos se destacan las gu\u00edas en entrenamiento de las comunidades: Wapu, Santa Mar\u00eda y Playas de San Luis.<\/p>\n<p style=\"text-align: justify;\">Con este tipo de iniciativas, el MAE logra que los guardabosques tomen conciencia y adquieran conocimientos que les permita ser actores entre sus comunidades y su entorno socio-ambiental. SJ<\/p>\n<p style=\"text-align: justify;\">\n","protected":false},"excerpt":{"rendered":"<p class=\"excerpt\">El Ministerio del Ambiente (MAE), a trav\u00e9s de su Programa Socio Bosque, capacit\u00f3 a siete personas de diferentes comunidades de la provincia Morona Santiago. El tema principal de las charlas fue la educaci\u00f3n ambiental para la conservaci\u00f3n de la biodiversidad en el Ecuador. Esta Cartera de Estado lleva a cabo capacitaciones que contribuyen al fortalecimiento de las capacidades y experiencias&hellip; <a href=\"https:\/\/www.ambienteyenergia.gob.ec\/ambiente\/mae-capacito-a-guardabosques-de-las-comunidades-beneficiarias-del-programa-socio-bosque\/\">Read more &rarr;<\/a><\/p>\n","protected":false},"author":13,"featured_media":25322,"comment_status":"open","ping_status":"open","sticky":false,"template":"","format":"standard","meta":{"footnotes":""},"categories":[16,4],"tags":[],"class_list":["post-25319","post","type-post","status-publish","format-standard","has-post-thumbnail","hentry","category-comunicamos","category-noticias","xfolkentry"],"_links":{"self":[{"href":"https:\/\/www.ambienteyenergia.gob.ec\/ambiente\/wp-json\/wp\/v2\/posts\/25319","targetHints":{"allow":["GET"]}}],"collection":[{"href":"https:\/\/www.ambienteyenergia.gob.ec\/ambiente\/wp-json\/wp\/v2\/posts"}],"about":[{"href":"https:\/\/www.ambienteyenergia.gob.ec\/ambiente\/wp-json\/wp\/v2\/types\/post"}],"author":[{"embeddable":true,"href":"https:\/\/www.ambienteyenergia.gob.ec\/ambiente\/wp-json\/wp\/v2\/users\/13"}],"replies":[{"embeddable":true,"href":"https:\/\/www.ambienteyenergia.gob.ec\/ambiente\/wp-json\/wp\/v2\/comments?post=25319"}],"version-history":[{"count":0,"href":"https:\/\/www.ambienteyenergia.gob.ec\/ambiente\/wp-json\/wp\/v2\/posts\/25319\/revisions"}],"wp:featuredmedia":[{"embeddable":true,"href":"https:\/\/www.ambienteyenergia.gob.ec\/ambiente\/wp-json\/wp\/v2\/media\/25322"}],"wp:attachment":[{"href":"https:\/\/www.ambienteyenergia.gob.ec\/ambiente\/wp-json\/wp\/v2\/media?parent=25319"}],"wp:term":[{"taxonomy":"category","embeddable":true,"href":"https:\/\/www.ambienteyenergia.gob.ec\/ambiente\/wp-json\/wp\/v2\/categories?post=25319"},{"taxonomy":"post_tag","embeddable":true,"href":"https:\/\/www.ambienteyenergia.gob.ec\/ambiente\/wp-json\/wp\/v2\/tags?post=25319"}],"curies":[{"name":"wp","href":"https:\/\/api.w.org\/{rel}","templated":true}]}}