{"id":25316,"date":"2015-05-22T14:45:12","date_gmt":"2015-05-22T19:45:12","guid":{"rendered":"http:\/\/www.ambiente.gob.ec\/?p=25316"},"modified":"2015-05-27T14:46:30","modified_gmt":"2015-05-27T19:46:30","slug":"mae-capacito-a-1-800-estudiantes-del-liceo-fernandez-madrid","status":"publish","type":"post","link":"https:\/\/www.ambienteyenergia.gob.ec\/ambiente\/mae-capacito-a-1-800-estudiantes-del-liceo-fernandez-madrid\/","title":{"rendered":"MAE capacit\u00f3 a 1 800 estudiantes del Liceo Fern\u00e1ndez Madrid"},"content":{"rendered":"<p style=\"text-align: justify;\">Entre el 11 y 22 de mayo, el Ministerio del Ambiente de Ecuador (MAE) a trav\u00e9s de la Unidad de Mitigaci\u00f3n de Huella Ecol\u00f3gica, con el apoyo de la Unidad de Educaci\u00f3n Ambiental, dict\u00f3 un taller de Educaci\u00f3n Ambiental a 1800 alumnos, personal docente y administrativo de la Unidad Educativa Liceo Fern\u00e1ndez Madrid, como parte del Plan Operativo Anual de la Instituci\u00f3n que busca promover el cuidado ambiental en la juventud.<\/p>\n<p style=\"text-align: justify;\">Por ello, esta capacitaci\u00f3n se bas\u00f3 en sensibilizar a la comunidad educativa, en respuesta a la necesidad de la convivencia arm\u00f3nica entre el ser humano y el entorno natural que lo rodea. Esto pretende lograr, a trav\u00e9s del aprendizaje de los principales conceptos de Huella Ecol\u00f3gica, la concepci\u00f3n del consumo sustentable y el impulso de la aplicaci\u00f3n de buenas pr\u00e1cticas ambientales.<\/p>\n<p style=\"text-align: justify;\">El taller se llev\u00f3 a cabo en la instituci\u00f3n con exposiciones din\u00e1micas, videos impactantes, entre otras actividades l\u00fadicas y es la continuaci\u00f3n de la primera inducci\u00f3n impartida por el MAE de 13 al 23 de abril. Estas capacitaciones promueven la participaci\u00f3n ciudadana a favor del cuidado ambiental en el Ecuador.<\/p>\n<p style=\"text-align: justify;\">Ver\u00f3nica Salas, Directora del \u00c1rea de Ciencias Naturales del Colegio explic\u00f3 que: \u201cesta capacitaci\u00f3n impartida por el MAE es de gran importancia para complementar los conocimientos adquiridos en la instituci\u00f3n\u201d.<\/p>\n<p style=\"text-align: justify;\">Por otro lado, el licenciado Lucas Nicolalde, rector de la instituci\u00f3n menciona que para el futuro, el liceo desear\u00eda realizar diferentes mecanismos para obtener el reconocimiento Punto Verde y as\u00ed convertirse en el primer Unidad Educativa Municipal en alcanzarlo.<\/p>\n<p style=\"text-align: justify;\">Esta Cartera de Estado trabaja con instituciones educativas con el fin de promover un cambio de actitud y sensibilizaci\u00f3n de la ciudadan\u00eda ante los problemas ambientales actuales.\/sj-ds<\/p>\n<p style=\"text-align: justify;\">\n","protected":false},"excerpt":{"rendered":"<p class=\"excerpt\">Entre el 11 y 22 de mayo, el Ministerio del Ambiente de Ecuador (MAE) a trav\u00e9s de la Unidad de Mitigaci\u00f3n de Huella Ecol\u00f3gica, con el apoyo de la Unidad de Educaci\u00f3n Ambiental, dict\u00f3 un taller de Educaci\u00f3n Ambiental a 1800 alumnos, personal docente y administrativo de la Unidad Educativa Liceo Fern\u00e1ndez Madrid, como parte del Plan Operativo Anual de&hellip; <a href=\"https:\/\/www.ambienteyenergia.gob.ec\/ambiente\/mae-capacito-a-1-800-estudiantes-del-liceo-fernandez-madrid\/\">Read more &rarr;<\/a><\/p>\n","protected":false},"author":13,"featured_media":25317,"comment_status":"open","ping_status":"open","sticky":false,"template":"","format":"standard","meta":{"footnotes":""},"categories":[16,4],"tags":[108,53],"class_list":["post-25316","post","type-post","status-publish","format-standard","has-post-thumbnail","hentry","category-comunicamos","category-noticias","tag-lorena-tapia","tag-mae","xfolkentry"],"_links":{"self":[{"href":"https:\/\/www.ambienteyenergia.gob.ec\/ambiente\/wp-json\/wp\/v2\/posts\/25316","targetHints":{"allow":["GET"]}}],"collection":[{"href":"https:\/\/www.ambienteyenergia.gob.ec\/ambiente\/wp-json\/wp\/v2\/posts"}],"about":[{"href":"https:\/\/www.ambienteyenergia.gob.ec\/ambiente\/wp-json\/wp\/v2\/types\/post"}],"author":[{"embeddable":true,"href":"https:\/\/www.ambienteyenergia.gob.ec\/ambiente\/wp-json\/wp\/v2\/users\/13"}],"replies":[{"embeddable":true,"href":"https:\/\/www.ambienteyenergia.gob.ec\/ambiente\/wp-json\/wp\/v2\/comments?post=25316"}],"version-history":[{"count":0,"href":"https:\/\/www.ambienteyenergia.gob.ec\/ambiente\/wp-json\/wp\/v2\/posts\/25316\/revisions"}],"wp:featuredmedia":[{"embeddable":true,"href":"https:\/\/www.ambienteyenergia.gob.ec\/ambiente\/wp-json\/wp\/v2\/media\/25317"}],"wp:attachment":[{"href":"https:\/\/www.ambienteyenergia.gob.ec\/ambiente\/wp-json\/wp\/v2\/media?parent=25316"}],"wp:term":[{"taxonomy":"category","embeddable":true,"href":"https:\/\/www.ambienteyenergia.gob.ec\/ambiente\/wp-json\/wp\/v2\/categories?post=25316"},{"taxonomy":"post_tag","embeddable":true,"href":"https:\/\/www.ambienteyenergia.gob.ec\/ambiente\/wp-json\/wp\/v2\/tags?post=25316"}],"curies":[{"name":"wp","href":"https:\/\/api.w.org\/{rel}","templated":true}]}}