{"id":25271,"date":"2015-05-21T12:59:16","date_gmt":"2015-05-21T17:59:16","guid":{"rendered":"http:\/\/www.ambiente.gob.ec\/?p=25271"},"modified":"2015-05-22T13:00:28","modified_gmt":"2015-05-22T18:00:28","slug":"hitos-del-ministerio-de-ambiente-fueron-expuestos-en-el-conversatorio-de-medios-internacionales","status":"publish","type":"post","link":"https:\/\/www.ambienteyenergia.gob.ec\/ambiente\/hitos-del-ministerio-de-ambiente-fueron-expuestos-en-el-conversatorio-de-medios-internacionales\/","title":{"rendered":"Hitos del Ministerio de Ambiente fueron expuestos en el Conversatorio de Medios Internacionales"},"content":{"rendered":"<p style=\"text-align: justify;\">Este jueves 21 de mayo, se llev\u00f3 a cabo un Conversatorio de Medios Internacionales con la presencia de la Viceministra de Ambiente, Lorena S\u00e1nchez, en representaci\u00f3n de la Ministra de Ambiente del Ecuador Lorena Tapia N\u00fa\u00f1ez; la Ministra de Turismo, Sandra Naranjo; la Ministra Coordinadora de Desarrollo Social, Cecilia Vaca y el Secretario Nacional de Ciencia, Tecnolog\u00eda e Innovaci\u00f3n, Ren\u00e9 Ram\u00edrez; con el objetivo de dar a conocer la Gesti\u00f3n realizada por el Gobierno Nacional, a trav\u00e9s de dichas entidades.<\/p>\n<p style=\"text-align: justify;\">En este marco el Ministerio del Ambiente del Ecuador (MAE) destac\u00f3 el trabajo realizado mediante el Plan Nacional de Restauraci\u00f3n Forestal; mediante el cual se ha logrado restaurar 143.611,33 hect\u00e1reas en todo el pa\u00eds, con una inversi\u00f3n desde el 2008 al 2014, de 73 millones de d\u00f3lares; que incluye la entrega de incentivos econ\u00f3micos a las comunidades, a campesinos y nacionalidades ind\u00edgenas a nivel nacional, beneficiando a aproximadamente 171.560 ciudadanos y comprometiendo alrededor de 1\u00b4434,061.95 hect\u00e1reas; todo ello bajo el Programa Socio Bosque que busca promover un manejo forestal sostenible.<\/p>\n<p style=\"text-align: justify;\">\u201cEste Plan exitoso del Ministerio del Ambiente se vio reflejado adem\u00e1s en la iniciativa \u201cSiembrat\u00f3n\u201d liderada por la Ministra del Ambiente, Lorena Tapia N\u00fa\u00f1ez. Es as\u00ed, que el pasado s\u00e1bado 16 de mayo nuestro pa\u00eds marco historia, con la colaboraci\u00f3n de 44.000 voluntarios que sembraron simult\u00e1neamente m\u00e1s de 570.000 plantas de m\u00e1s de 200 especies en 198 puntos del pa\u00eds; imponiendo un nuevo R\u00e9cord Guinness en Reforestaci\u00f3n\u201d se\u00f1al\u00f3 Lorena S\u00e1nchez, Viceministra de Ambiente.<\/p>\n<p style=\"text-align: justify;\">Por otro lado se mencion\u00f3 los hitos obtenidos en cuanto al manejo de la Gesti\u00f3n de Residuos S\u00f3lidos con un enfoque integral y sostenible, con el objetivo de disminuir la contaminaci\u00f3n ambiental y mejorar la calidad de vida de los ciudadanos, manejados mediante estrategias, planes y actividades de capacitaci\u00f3n, sensibilizaci\u00f3n y est\u00edmulo a los diferentes actores relacionados.<\/p>\n<p style=\"text-align: justify;\">Sobre este tema la Viceministra de Ambiente mencion\u00f3 \u201cDurante el 2014 se recuperaron 578 105 neum\u00e1ticos fuera de uso de 63 cantones de 21 provincias a nivel nacional; adem\u00e1s se recuperaron 1.935.377.862 botellas pet, que en toneladas equivale a 48.384,45 toneladas anuales; y 587.299 celulares en desuso mismos que iniciaron procesos de reciclaje y nuevos procesos productivos\u201d<\/p>\n<p style=\"text-align: justify;\">Toda la labor de reciclaje se ha realizado de la mano de la empresa privada y tambi\u00e9n de los recicladores; quienes hoy cuentan con el apoyo real del Gobierno Nacional. M\u00e1s de 20 000 familias ligadas al reciclaje tienen acceso a productos crediticios y programas de educaci\u00f3n financiera, gracias a la firma del Convenio marco de Cooperaci\u00f3n Financiera entre el Ministerio del Ambiente del Ecuador y el Banco Nacional de Fomento, un apoyo econ\u00f3mico que servir\u00e1 principalmente para la adquisici\u00f3n de maquinaria e infraestructura que faciliten su trabajo, generando as\u00ed un valor agregado a sus unidades productivas.<\/p>\n<p style=\"text-align: justify;\">Esta Cartera de Estado como m\u00e1xima Autoridad Ambiental se compromete en continuar trabajando en iniciativas y proyectos encaminados a la construcci\u00f3n de un Ecuador Verde. \/\/MH<\/p>\n<p style=\"text-align: justify;\">\n","protected":false},"excerpt":{"rendered":"<p class=\"excerpt\">Este jueves 21 de mayo, se llev\u00f3 a cabo un Conversatorio de Medios Internacionales con la presencia de la Viceministra de Ambiente, Lorena S\u00e1nchez, en representaci\u00f3n de la Ministra de Ambiente del Ecuador Lorena Tapia N\u00fa\u00f1ez; la Ministra de Turismo, Sandra Naranjo; la Ministra Coordinadora de Desarrollo Social, Cecilia Vaca y el Secretario Nacional de Ciencia, Tecnolog\u00eda e Innovaci\u00f3n, Ren\u00e9&hellip; <a href=\"https:\/\/www.ambienteyenergia.gob.ec\/ambiente\/hitos-del-ministerio-de-ambiente-fueron-expuestos-en-el-conversatorio-de-medios-internacionales\/\">Read more &rarr;<\/a><\/p>\n","protected":false},"author":13,"featured_media":25264,"comment_status":"open","ping_status":"open","sticky":false,"template":"","format":"standard","meta":{"footnotes":""},"categories":[16,4],"tags":[],"class_list":["post-25271","post","type-post","status-publish","format-standard","has-post-thumbnail","hentry","category-comunicamos","category-noticias","xfolkentry"],"_links":{"self":[{"href":"https:\/\/www.ambienteyenergia.gob.ec\/ambiente\/wp-json\/wp\/v2\/posts\/25271","targetHints":{"allow":["GET"]}}],"collection":[{"href":"https:\/\/www.ambienteyenergia.gob.ec\/ambiente\/wp-json\/wp\/v2\/posts"}],"about":[{"href":"https:\/\/www.ambienteyenergia.gob.ec\/ambiente\/wp-json\/wp\/v2\/types\/post"}],"author":[{"embeddable":true,"href":"https:\/\/www.ambienteyenergia.gob.ec\/ambiente\/wp-json\/wp\/v2\/users\/13"}],"replies":[{"embeddable":true,"href":"https:\/\/www.ambienteyenergia.gob.ec\/ambiente\/wp-json\/wp\/v2\/comments?post=25271"}],"version-history":[{"count":0,"href":"https:\/\/www.ambienteyenergia.gob.ec\/ambiente\/wp-json\/wp\/v2\/posts\/25271\/revisions"}],"wp:featuredmedia":[{"embeddable":true,"href":"https:\/\/www.ambienteyenergia.gob.ec\/ambiente\/wp-json\/wp\/v2\/media\/25264"}],"wp:attachment":[{"href":"https:\/\/www.ambienteyenergia.gob.ec\/ambiente\/wp-json\/wp\/v2\/media?parent=25271"}],"wp:term":[{"taxonomy":"category","embeddable":true,"href":"https:\/\/www.ambienteyenergia.gob.ec\/ambiente\/wp-json\/wp\/v2\/categories?post=25271"},{"taxonomy":"post_tag","embeddable":true,"href":"https:\/\/www.ambienteyenergia.gob.ec\/ambiente\/wp-json\/wp\/v2\/tags?post=25271"}],"curies":[{"name":"wp","href":"https:\/\/api.w.org\/{rel}","templated":true}]}}