{"id":25243,"date":"2015-05-12T15:19:16","date_gmt":"2015-05-12T20:19:16","guid":{"rendered":"http:\/\/www.ambiente.gob.ec\/?p=25243"},"modified":"2015-05-21T15:01:07","modified_gmt":"2015-05-21T20:01:07","slug":"mae-organiza-dialogo-sectorial-de-energia","status":"publish","type":"post","link":"https:\/\/www.ambienteyenergia.gob.ec\/ambiente\/mae-organiza-dialogo-sectorial-de-energia\/","title":{"rendered":"MAE organiza Di\u00e1logo Sectorial de Energ\u00eda"},"content":{"rendered":"<p style=\"text-align: justify;\">El d\u00eda 11 de mayo de 2015, el Ministerio del Ambiente (MAE) llev\u00f3 a cabo en el marco del Comit\u00e9 Interinstitucional de Cambio Clim\u00e1tico (CICC) el \u201cDi\u00e1logo sectorial sobre contribuciones nacionales y potencial de reducci\u00f3n de emisiones de gases de efecto invernadero del sector energ\u00eda\u201d con el fin de identificar junto a los actores sectoriales, los elementos y aspectos de relevancia para la preparaci\u00f3n de la Contribuci\u00f3n Tentativa del Ecuador (INDC, por sus siglas en ingl\u00e9s) de acuerdo a las decisiones de la Convenci\u00f3n Marco de las Naciones Unidas para el Cambio Clim\u00e1tico.<\/p>\n<p style=\"text-align: justify;\">El evento cont\u00f3 con la participaci\u00f3n de autoridades y t\u00e9cnicos delegados de los Ministerios de Ambiente, Electricidad y Energ\u00eda Renovable, Planificaci\u00f3n y Desarrollo (SENPLADES), Relaciones Exteriores y Movilidad Humana, Coordinador de Desarrollo Social, Agricultura, Ganader\u00eda, Acuacultura y Pesca, Secretar\u00eda del Agua y Petroamazonas.<\/p>\n<p style=\"text-align: justify;\">El taller inici\u00f3 con una presentaci\u00f3n acerca del contexto internacional, espec\u00edficamente negociaciones y mecanismos de financiamiento clim\u00e1tico actual, por parte del Licenciado Andr\u00e9s Hubenthal, Subsecretario de Cambio Clim\u00e1tico, misma que permiti\u00f3 conocer los elementos del INDC.<\/p>\n<p style=\"text-align: justify;\">Adem\u00e1s, se trataron varios temas respecto al potencial de reducci\u00f3n de emisiones de gas de efecto invernadero (GEI) en el Ecuador, siendo las iniciativas m\u00e1s importantes el Desarrollo de Centrales Hidroel\u00e9ctricas, Programas de Eficiencia Energ\u00e9tica, Optimizaci\u00f3n de la Generaci\u00f3n El\u00e9ctrica y Eficiencia Energ\u00e9tica (OGE&amp;EE) en el distrito amaz\u00f3nico desarrollado por la empresa Petroamazonas, entre otros proyectos. A trav\u00e9s de este di\u00e1logo, los miembros del CICC eval\u00faan las posibles contribuciones nacionales en cuanto a mitigaci\u00f3n, en miras a la participaci\u00f3n del pa\u00eds en los encuentros internacionales que tendr\u00e1n lugar en el 2015.<\/p>\n<p style=\"text-align: justify;\">El gobierno ecuatoriano ha emprendido estas iniciativas que resultan muy importantes para alcanzar los objetivos de desarrollo del pa\u00eds, ya que presentan alta rentabilidad e impactos favorables en los \u00e1mbitos ambientales, sociales, econ\u00f3micos y que adicionalmente, responden al compromiso internacional de contribuir a la lucha contra el cambio clim\u00e1tico. Dentro de este di\u00e1logo tambi\u00e9n se enfatiz\u00f3 en la importancia de comunicar a la comunidad internacional los beneficios en t\u00e9rminos de reducciones de gases de efecto invernadero gracias a los esfuerzos realizados.<\/p>\n<p style=\"text-align: justify;\">El Ministerio del Ambiente quien lidera la pol\u00edtica de cambio clim\u00e1tico ha emprendido actividades de coordinaci\u00f3n para estudiar y asesorar a los diferentes actores vinculados en esta tem\u00e1tica y as\u00ed identificar las iniciativas estrat\u00e9gicas en cuanto a cambio clim\u00e1tico en beneficio del pa\u00eds. En este sentido, los expositores y miembros del CICC consensuaron que los programas y proyectos expuestos son elementos que deben constituir la Contribuci\u00f3n Tentativa Nacional (INDC). SJ<\/p>\n","protected":false},"excerpt":{"rendered":"<p class=\"excerpt\">El d\u00eda 11 de mayo de 2015, el Ministerio del Ambiente (MAE) llev\u00f3 a cabo en el marco del Comit\u00e9 Interinstitucional de Cambio Clim\u00e1tico (CICC) el \u201cDi\u00e1logo sectorial sobre contribuciones nacionales y potencial de reducci\u00f3n de emisiones de gases de efecto invernadero del sector energ\u00eda\u201d con el fin de identificar junto a los actores sectoriales, los elementos y aspectos de&hellip; <a href=\"https:\/\/www.ambienteyenergia.gob.ec\/ambiente\/mae-organiza-dialogo-sectorial-de-energia\/\">Read more &rarr;<\/a><\/p>\n","protected":false},"author":13,"featured_media":25244,"comment_status":"open","ping_status":"open","sticky":false,"template":"","format":"standard","meta":{"footnotes":""},"categories":[16,4],"tags":[],"class_list":["post-25243","post","type-post","status-publish","format-standard","has-post-thumbnail","hentry","category-comunicamos","category-noticias","xfolkentry"],"_links":{"self":[{"href":"https:\/\/www.ambienteyenergia.gob.ec\/ambiente\/wp-json\/wp\/v2\/posts\/25243","targetHints":{"allow":["GET"]}}],"collection":[{"href":"https:\/\/www.ambienteyenergia.gob.ec\/ambiente\/wp-json\/wp\/v2\/posts"}],"about":[{"href":"https:\/\/www.ambienteyenergia.gob.ec\/ambiente\/wp-json\/wp\/v2\/types\/post"}],"author":[{"embeddable":true,"href":"https:\/\/www.ambienteyenergia.gob.ec\/ambiente\/wp-json\/wp\/v2\/users\/13"}],"replies":[{"embeddable":true,"href":"https:\/\/www.ambienteyenergia.gob.ec\/ambiente\/wp-json\/wp\/v2\/comments?post=25243"}],"version-history":[{"count":0,"href":"https:\/\/www.ambienteyenergia.gob.ec\/ambiente\/wp-json\/wp\/v2\/posts\/25243\/revisions"}],"wp:featuredmedia":[{"embeddable":true,"href":"https:\/\/www.ambienteyenergia.gob.ec\/ambiente\/wp-json\/wp\/v2\/media\/25244"}],"wp:attachment":[{"href":"https:\/\/www.ambienteyenergia.gob.ec\/ambiente\/wp-json\/wp\/v2\/media?parent=25243"}],"wp:term":[{"taxonomy":"category","embeddable":true,"href":"https:\/\/www.ambienteyenergia.gob.ec\/ambiente\/wp-json\/wp\/v2\/categories?post=25243"},{"taxonomy":"post_tag","embeddable":true,"href":"https:\/\/www.ambienteyenergia.gob.ec\/ambiente\/wp-json\/wp\/v2\/tags?post=25243"}],"curies":[{"name":"wp","href":"https:\/\/api.w.org\/{rel}","templated":true}]}}