{"id":25239,"date":"2015-05-18T15:17:36","date_gmt":"2015-05-18T20:17:36","guid":{"rendered":"http:\/\/www.ambiente.gob.ec\/?p=25239"},"modified":"2015-05-18T15:17:36","modified_gmt":"2015-05-18T20:17:36","slug":"orellana-supero-expectativas-de-participacion-en-siembraton","status":"publish","type":"post","link":"https:\/\/www.ambienteyenergia.gob.ec\/ambiente\/orellana-supero-expectativas-de-participacion-en-siembraton\/","title":{"rendered":"Orellana super\u00f3 expectativas de participaci\u00f3n en SIEMBRAT\u00d3N"},"content":{"rendered":"<p style=\"text-align: justify;\">Con un total de 635 voluntarios participantes y 3 419 \u00e1rboles plantados en 15.05 hect\u00e1reas, culmin\u00f3 exitosamente la jornada de SIEMBRAT\u00d3N en la provincia de Orellana, contribuyendo de esta manera a romper el R\u00e9cord Guinness del mayor n\u00famero de personas sembrando de manera simult\u00e1nea en diferentes puntos del Ecuador.<\/p>\n<p style=\"text-align: justify;\">La iniciativa se llev\u00f3 a cabo en 11 parroquias de los cantones Francisco de Orellana, Loreto, Aguarico y La Joya de los Sachas, cuyo suelo de cultivo recibi\u00f3 a 17 especies end\u00e9micas de la zona. Los \u00e1rboles plantados fueron cedro, coco, sangre, chuncho, roble, guayac\u00e1n, caoba, b\u00e1lsamo, yutzo, peine de mono, capul\u00ed amaz\u00f3nico, huambula, guabilla, fern\u00e1n s\u00e1nchez, escancel, poma rosa y sande.<\/p>\n<p style=\"text-align: justify;\">La siembra cont\u00f3 con el aporte de las delegaciones provinciales de varias instituciones p\u00fablicas como el Registro Civil, la Polic\u00eda Nacional, la Secretar\u00eda de Gesti\u00f3n de la Pol\u00edtica, entre otras; adicionalmente, aportaron los Scouts y estudiantes de varias instituciones educativas de la provincia.<\/p>\n<p style=\"text-align: justify;\">Despu\u00e9s de conocer que el Ecuador obtuvo el R\u00e9cord Guinness, la alegr\u00eda de los participantes no se hizo esperar, en especial de los m\u00e1s j\u00f3venes, quienes se mostraron esperanzados en un futuro mejor para el medio ambiente del pa\u00eds gracias a iniciativas lideradas por el Ministerio del Ambiente, como Siembrat\u00f3n.<\/p>\n<p style=\"text-align: justify;\">Erick, de 12 a\u00f1os, quien habita en la parroquia El Dorado, del cant\u00f3n Francisco de Orellana, destac\u00f3 la labor realizada despu\u00e9s de plantar seis \u00e1rboles. \u201cEl camino hasta el sitio donde plantamos fue muy dif\u00edcil porque hab\u00eda pantanos, pero se siente bien sembrar y ver que nosotros formamos parte de esa nueva Generaci\u00f3n Verde que act\u00faa y contribuye a construir un futuro m\u00e1s sano para todos\u201d, indic\u00f3.<\/p>\n<p style=\"text-align: justify;\">Miguel, otro se los j\u00f3venes voluntarios dijo que \u201cOjal\u00e1 haya m\u00e1s \u201cSiembratones\u201d porque hay muchas partes de la comunidad que a\u00fan no tienen \u00e1rboles y ser\u00eda hermoso ver que exista m\u00e1s espacios verdes\u201d.<\/p>\n<p style=\"text-align: justify;\">El Ministerio del Ambiente del Ecuador (MAE) dar\u00e1 seguimiento al proceso de crecimiento de las plantas, como parte del Plan de Restauraci\u00f3n Forestal. \/\/MH<\/p>\n<p style=\"text-align: justify;\">\n<p style=\"text-align: justify;\"><strong>EL DATO <\/strong><\/p>\n<p style=\"text-align: justify;\">El pasado s\u00e1bado 16 de mayo, la Ministra de Ambiente, Lorena Tapia, en vivo desde San Antonio de Pichincha, ratific\u00f3 que el Ecuador pas\u00f3 a la historia alcanzando el R\u00e9cord Guinness en reforestaci\u00f3n con las siguientes magnitudes:<\/p>\n<ol style=\"text-align: justify;\">\n<li>Variedad de especies sembradas: Dato preliminar: 179 (R\u00e9cord Guinnes pidi\u00f3 n\u00famero m\u00ednimo de 150).<\/li>\n<li><strong>b)<\/strong> Voluntarios en acci\u00f3n: M\u00e1s de 44.000 (estaba previsto inicialmente que fueran 33.000).<\/li>\n<li><strong>c)<\/strong> N\u00famero de plantas sembradas: 570.000 (estaba previsto que sean m\u00e1s de 360.000).<\/li>\n<\/ol>\n<p style=\"text-align: justify;\">\n<p style=\"text-align: justify;\">El Ecuador super\u00f3 la marca impuesta por Turqu\u00eda, que alcanz\u00f3 la cifra de 10 624 personas sembrando, pero en un mismo sitio.<\/p>\n<p style=\"text-align: justify;\">\n","protected":false},"excerpt":{"rendered":"<p class=\"excerpt\">Con un total de 635 voluntarios participantes y 3 419 \u00e1rboles plantados en 15.05 hect\u00e1reas, culmin\u00f3 exitosamente la jornada de SIEMBRAT\u00d3N en la provincia de Orellana, contribuyendo de esta manera a romper el R\u00e9cord Guinness del mayor n\u00famero de personas sembrando de manera simult\u00e1nea en diferentes puntos del Ecuador. La iniciativa se llev\u00f3 a cabo en 11 parroquias de los&hellip; <a href=\"https:\/\/www.ambienteyenergia.gob.ec\/ambiente\/orellana-supero-expectativas-de-participacion-en-siembraton\/\">Read more &rarr;<\/a><\/p>\n","protected":false},"author":13,"featured_media":0,"comment_status":"open","ping_status":"open","sticky":false,"template":"","format":"standard","meta":{"footnotes":""},"categories":[16,4],"tags":[],"class_list":["post-25239","post","type-post","status-publish","format-standard","hentry","category-comunicamos","category-noticias","xfolkentry"],"_links":{"self":[{"href":"https:\/\/www.ambienteyenergia.gob.ec\/ambiente\/wp-json\/wp\/v2\/posts\/25239","targetHints":{"allow":["GET"]}}],"collection":[{"href":"https:\/\/www.ambienteyenergia.gob.ec\/ambiente\/wp-json\/wp\/v2\/posts"}],"about":[{"href":"https:\/\/www.ambienteyenergia.gob.ec\/ambiente\/wp-json\/wp\/v2\/types\/post"}],"author":[{"embeddable":true,"href":"https:\/\/www.ambienteyenergia.gob.ec\/ambiente\/wp-json\/wp\/v2\/users\/13"}],"replies":[{"embeddable":true,"href":"https:\/\/www.ambienteyenergia.gob.ec\/ambiente\/wp-json\/wp\/v2\/comments?post=25239"}],"version-history":[{"count":0,"href":"https:\/\/www.ambienteyenergia.gob.ec\/ambiente\/wp-json\/wp\/v2\/posts\/25239\/revisions"}],"wp:attachment":[{"href":"https:\/\/www.ambienteyenergia.gob.ec\/ambiente\/wp-json\/wp\/v2\/media?parent=25239"}],"wp:term":[{"taxonomy":"category","embeddable":true,"href":"https:\/\/www.ambienteyenergia.gob.ec\/ambiente\/wp-json\/wp\/v2\/categories?post=25239"},{"taxonomy":"post_tag","embeddable":true,"href":"https:\/\/www.ambienteyenergia.gob.ec\/ambiente\/wp-json\/wp\/v2\/tags?post=25239"}],"curies":[{"name":"wp","href":"https:\/\/api.w.org\/{rel}","templated":true}]}}