{"id":25196,"date":"2015-05-06T16:25:49","date_gmt":"2015-05-06T21:25:49","guid":{"rendered":"http:\/\/www.ambiente.gob.ec\/?p=25196"},"modified":"2015-05-07T10:59:05","modified_gmt":"2015-05-07T15:59:05","slug":"delegacion-del-mae-sobrevolo-puntos-estrategicos-del-yasuni","status":"publish","type":"post","link":"https:\/\/www.ambienteyenergia.gob.ec\/ambiente\/delegacion-del-mae-sobrevolo-puntos-estrategicos-del-yasuni\/","title":{"rendered":"Delegaci\u00f3n del MAE sobrevol\u00f3 puntos estrat\u00e9gicos del Yasun\u00ed"},"content":{"rendered":"<p align=\"JUSTIFY\"><span style=\"font-family: Calibri,sans-serif;\"><span style=\"font-size: medium;\">Paola Carrera, Subsecretaria de Calidad Ambiental, realiz\u00f3 un sobrevuelo por el Parque Nacional Yasun\u00ed (PNY), junto a una delegaci\u00f3n t\u00e9cnica del Ministerio del Ambiente de Ecuador (MAE) y de Petroamazonas EP, con el objetivo de verificar la situaci\u00f3n actual de los bloques hidrocarbur\u00edferos 31 y 43.<\/span><\/span><\/p>\n<p align=\"JUSTIFY\"><span style=\"font-family: Calibri,sans-serif;\"><span style=\"font-size: medium;\">El reconocimiento de campo inici\u00f3 con un sobrevuelo al acceso ecol\u00f3gico que conecta el embarcadero de Chiruisla con las plataformas Nenke y Apaika, ubicadas en el Bloque 31, y donde la empresa p\u00fablica Petroamazonas se encuentra realizando actividades de producci\u00f3n hidrocarbur\u00edfera. Durante el recorrido se evidenci\u00f3 que no existen espacios de ensanchamiento, verificando que el sendero ecol\u00f3gico cumple con lo establecido en el Plan de Manejo Ambiental correspondiente al Estudio de Impacto Ambiental para el proyecto fase de Desarrollo y Producci\u00f3n del Bloque 31 \u2013 Campos Apaika y Nenke.<\/span><\/span><\/p>\n<p align=\"JUSTIFY\"><span style=\"font-family: Calibri,sans-serif;\"><span style=\"font-size: medium;\">Asimismo, el equipo t\u00e9cnico sobrevol\u00f3 la zona en donde se construir\u00e1 una estaci\u00f3n de investigaci\u00f3n y monitoreo biol\u00f3gico, que se prev\u00e9 ser\u00e1 inaugurada este mismo a\u00f1o.<\/span><\/span><\/p>\n<p align=\"JUSTIFY\"><span style=\"font-family: Calibri,sans-serif;\"><span style=\"font-size: medium;\">Posteriormente, la delegaci\u00f3n arrib\u00f3 a Puerto Miranda, acceso a las facilidades en el Bloque 43, en donde se verific\u00f3 que a\u00fan no se ha construido ning\u00fan tipo de infraestructura dentro del Parque Nacional Yasun\u00ed. Hasta el momento, Petroamazonas EP ha avanzado con trabajos de implementaci\u00f3n de plataformas y accesos ecol\u00f3gicos en territorios que no son parte del \u00e1rea protegida.<\/span><\/span><\/p>\n<p align=\"JUSTIFY\"><span style=\"font-family: Calibri,sans-serif;\"><span style=\"font-size: medium;\">En esta zona, existen salvaguardias ambientales como puentes de dosel y pasos deprimidos a fin de disminuir el impacto en el ecosistema. T\u00e9cnicos de la petrolera destacaron una alta presencia de animales en la zona, especialmente de primates, venados y osos perezosos.\/am-ds<\/span><\/span><\/p>\n<p align=\"JUSTIFY\"><strong><span style=\"font-family: Calibri,sans-serif;\"><span style=\"font-size: medium;\">El Dato:<\/span><\/span><\/strong><\/p>\n<p align=\"JUSTIFY\"><span style=\"font-family: Calibri,sans-serif;\"><span style=\"font-size: medium;\">Como respuesta a la \u201cResoluci\u00f3n de Declaratoria de Inter\u00e9s Nacional de la Explotaci\u00f3n Petrolera de los Bloques 31 y 43 dentro del Parque Nacional Yasun\u00ed\u201d, el Ministerio del Ambiente, en su rol de ente rector de la gesti\u00f3n ambiental en el Pa\u00eds, cre\u00f3 el 8 de octubre del 2013 el Comit\u00e9 de Gesti\u00f3n MAE \u2013 PNY, el mismo que se encuentra integrado por las principales autoridades competentes en la rama, as\u00ed como otras consideradas estrat\u00e9gicas, siendo estas: la Subsecretaria de Patrimonio Natural, la Direcci\u00f3n Nacional de Biodiversidad, La Subsecretar\u00eda de Calidad Ambiental, el Programa de Reparaci\u00f3n Ambiental y Social (PRAS), la Direcci\u00f3n Provincial de Orellana, la Jefatura del Parque Nacional Yasun\u00ed y la Direcci\u00f3n Provincial de Pastaza.<\/span><\/span><\/p>\n","protected":false},"excerpt":{"rendered":"<p class=\"excerpt\">Paola Carrera, Subsecretaria de Calidad Ambiental, realiz\u00f3 un sobrevuelo por el Parque Nacional Yasun\u00ed (PNY), junto a una delegaci\u00f3n t\u00e9cnica del Ministerio del Ambiente de Ecuador (MAE) y de Petroamazonas EP, con el objetivo de verificar la situaci\u00f3n actual de los bloques hidrocarbur\u00edferos 31 y 43. El reconocimiento de campo inici\u00f3 con un sobrevuelo al acceso ecol\u00f3gico que conecta el&hellip; <a href=\"https:\/\/www.ambienteyenergia.gob.ec\/ambiente\/delegacion-del-mae-sobrevolo-puntos-estrategicos-del-yasuni\/\">Read more &rarr;<\/a><\/p>\n","protected":false},"author":13,"featured_media":25202,"comment_status":"open","ping_status":"open","sticky":false,"template":"","format":"standard","meta":{"footnotes":""},"categories":[16,4],"tags":[108,53,520],"class_list":["post-25196","post","type-post","status-publish","format-standard","has-post-thumbnail","hentry","category-comunicamos","category-noticias","tag-lorena-tapia","tag-mae","tag-parque-nacional-yasuni","xfolkentry"],"_links":{"self":[{"href":"https:\/\/www.ambienteyenergia.gob.ec\/ambiente\/wp-json\/wp\/v2\/posts\/25196","targetHints":{"allow":["GET"]}}],"collection":[{"href":"https:\/\/www.ambienteyenergia.gob.ec\/ambiente\/wp-json\/wp\/v2\/posts"}],"about":[{"href":"https:\/\/www.ambienteyenergia.gob.ec\/ambiente\/wp-json\/wp\/v2\/types\/post"}],"author":[{"embeddable":true,"href":"https:\/\/www.ambienteyenergia.gob.ec\/ambiente\/wp-json\/wp\/v2\/users\/13"}],"replies":[{"embeddable":true,"href":"https:\/\/www.ambienteyenergia.gob.ec\/ambiente\/wp-json\/wp\/v2\/comments?post=25196"}],"version-history":[{"count":0,"href":"https:\/\/www.ambienteyenergia.gob.ec\/ambiente\/wp-json\/wp\/v2\/posts\/25196\/revisions"}],"wp:featuredmedia":[{"embeddable":true,"href":"https:\/\/www.ambienteyenergia.gob.ec\/ambiente\/wp-json\/wp\/v2\/media\/25202"}],"wp:attachment":[{"href":"https:\/\/www.ambienteyenergia.gob.ec\/ambiente\/wp-json\/wp\/v2\/media?parent=25196"}],"wp:term":[{"taxonomy":"category","embeddable":true,"href":"https:\/\/www.ambienteyenergia.gob.ec\/ambiente\/wp-json\/wp\/v2\/categories?post=25196"},{"taxonomy":"post_tag","embeddable":true,"href":"https:\/\/www.ambienteyenergia.gob.ec\/ambiente\/wp-json\/wp\/v2\/tags?post=25196"}],"curies":[{"name":"wp","href":"https:\/\/api.w.org\/{rel}","templated":true}]}}