{"id":25192,"date":"2015-05-06T13:54:03","date_gmt":"2015-05-06T18:54:03","guid":{"rendered":"http:\/\/www.ambiente.gob.ec\/?p=25192"},"modified":"2015-05-06T16:24:19","modified_gmt":"2015-05-06T21:24:19","slug":"mae-celebrara-el-dia-mundial-de-las-aves-migratorias","status":"publish","type":"post","link":"https:\/\/www.ambienteyenergia.gob.ec\/ambiente\/mae-celebrara-el-dia-mundial-de-las-aves-migratorias\/","title":{"rendered":"MAE celebrar\u00e1 el D\u00eda mundial de las aves migratorias"},"content":{"rendered":"<p class=\"western\"><span style=\"font-family: Calibri,sans-serif;\"><span style=\"font-size: medium;\">El \u00c1rea Nacional de Recreaci\u00f3n Isla Santay e Isla del Gallo celebrar\u00e1 el D\u00eda Mundial de Aves Migratorias cuyo lema este a\u00f1o es \u00a1Por una energ\u00eda respetuosa con las aves! con una jornada de actividades para el s\u00e1bado 9 de mayo de 2015.<\/span><\/span><\/p>\n<p class=\"western\"><span style=\"font-family: Calibri,sans-serif;\"><span style=\"font-size: medium;\">El D\u00eda Mundial de las Aves Migratorias es una campa\u00f1a internacional de sensibilizaci\u00f3n que se celebra anualmente y tiene como objetivo inspirar la conservaci\u00f3n en todo el mundo tanto de las aves migratorias como de sus h\u00e1bitats. Esta campa\u00f1a est\u00e1 organizada en el marco de dos tratados internacionales sobre la fauna silvestre administrados por el Programa de las Naciones Unidas para el Medio Ambiente (PNUMA), la Convenci\u00f3n sobre la Conservaci\u00f3n de las Especies Migratorias de Animales Silvestres (CMS) y el Acuerdo sobre la conservaci\u00f3n de las aves acu\u00e1ticas migratorias de \u00c1frica y Eurasia (AEWA). Esta celebraci\u00f3n es apoyada por un n\u00famero creciente de socios, como el Ministerio Federal Alem\u00e1n de Medio Ambiente, Conservaci\u00f3n de la Naturaleza, Construcci\u00f3n y Seguridad Nuclear (BMUB).<\/span><\/span><\/p>\n<p class=\"western\"><span style=\"font-family: Calibri,sans-serif;\"><span style=\"font-size: medium;\">El \u00c1rea Nacional de Recreaci\u00f3n Isla Santay e Isla del Gallo al albergar alrededor de 128 especies de aves conmemorar\u00e1 este d\u00eda con varias actividades para sus visitantes.<\/span><\/span><\/p>\n<p class=\"western\"><span style=\"font-family: Calibri,sans-serif;\"><span style=\"font-size: medium;\">La Casa Comunal de Isla Santay acoger\u00e1 una funci\u00f3n de t\u00edteres, talleres de elaboraci\u00f3n de manualidades de aves con materiales reciclables y, talleres de dibujo y pintura relacionados con aves migratorias. Adem\u00e1s alrededor de todo el sector de la Ecoaldea se ubicar\u00e1 el grupo de observadores de aves \u201cAmigos de Santay\u201d para socializar la pr\u00e1ctica a la observaci\u00f3n de aves en la islas con visitantes, turistas y comuneros.<\/span><\/span><\/p>\n<p class=\"western\"><span style=\"font-family: Calibri,sans-serif;\"><span style=\"font-size: medium;\">Adem\u00e1s se realizar\u00e1 un recorrido por la caminera lastrada interna de la Isla para la actualizaci\u00f3n del listado de aves de esta \u00e1rea protegida por observadores locales, para lo cual se recomienda a los participantes llevar binoculares y agenda de aves de campo de la regi\u00f3n para su f\u00e1cil identificaci\u00f3n. Para esta actividad es necesario llevar botas, repelente, gorra, agua, bloqueador y ropa de campo.<\/span><\/span><\/p>\n<p class=\"western\"><span style=\"font-family: Calibri,sans-serif;\"><span style=\"font-size: medium;\">Cada a\u00f1o, millones de aves migratorias luchan contra la expansi\u00f3n masiva de diversos medios de generaci\u00f3n y distribuci\u00f3n de energ\u00eda: las colisiones y la electrocuci\u00f3n debidas a los tendidos el\u00e9ctricos, as\u00ed como los efectos de barrera de las infraestructuras energ\u00e9ticas son la causa de mortalidad y desplazamiento de estos espec\u00edmenes.\/gr-ds<\/span><\/span><\/p>\n","protected":false},"excerpt":{"rendered":"<p class=\"excerpt\">El \u00c1rea Nacional de Recreaci\u00f3n Isla Santay e Isla del Gallo celebrar\u00e1 el D\u00eda Mundial de Aves Migratorias cuyo lema este a\u00f1o es \u00a1Por una energ\u00eda respetuosa con las aves! con una jornada de actividades para el s\u00e1bado 9 de mayo de 2015. El D\u00eda Mundial de las Aves Migratorias es una campa\u00f1a internacional de sensibilizaci\u00f3n que se celebra anualmente&hellip; <a href=\"https:\/\/www.ambienteyenergia.gob.ec\/ambiente\/mae-celebrara-el-dia-mundial-de-las-aves-migratorias\/\">Read more &rarr;<\/a><\/p>\n","protected":false},"author":13,"featured_media":24924,"comment_status":"open","ping_status":"open","sticky":false,"template":"","format":"standard","meta":{"footnotes":""},"categories":[16,4],"tags":[147,746,374,108,53],"class_list":["post-25192","post","type-post","status-publish","format-standard","has-post-thumbnail","hentry","category-comunicamos","category-noticias","tag-areas-protegidas-2","tag-dia-mundial-de-aves-migratorias","tag-isla-santay","tag-lorena-tapia","tag-mae","xfolkentry"],"_links":{"self":[{"href":"https:\/\/www.ambienteyenergia.gob.ec\/ambiente\/wp-json\/wp\/v2\/posts\/25192","targetHints":{"allow":["GET"]}}],"collection":[{"href":"https:\/\/www.ambienteyenergia.gob.ec\/ambiente\/wp-json\/wp\/v2\/posts"}],"about":[{"href":"https:\/\/www.ambienteyenergia.gob.ec\/ambiente\/wp-json\/wp\/v2\/types\/post"}],"author":[{"embeddable":true,"href":"https:\/\/www.ambienteyenergia.gob.ec\/ambiente\/wp-json\/wp\/v2\/users\/13"}],"replies":[{"embeddable":true,"href":"https:\/\/www.ambienteyenergia.gob.ec\/ambiente\/wp-json\/wp\/v2\/comments?post=25192"}],"version-history":[{"count":0,"href":"https:\/\/www.ambienteyenergia.gob.ec\/ambiente\/wp-json\/wp\/v2\/posts\/25192\/revisions"}],"wp:featuredmedia":[{"embeddable":true,"href":"https:\/\/www.ambienteyenergia.gob.ec\/ambiente\/wp-json\/wp\/v2\/media\/24924"}],"wp:attachment":[{"href":"https:\/\/www.ambienteyenergia.gob.ec\/ambiente\/wp-json\/wp\/v2\/media?parent=25192"}],"wp:term":[{"taxonomy":"category","embeddable":true,"href":"https:\/\/www.ambienteyenergia.gob.ec\/ambiente\/wp-json\/wp\/v2\/categories?post=25192"},{"taxonomy":"post_tag","embeddable":true,"href":"https:\/\/www.ambienteyenergia.gob.ec\/ambiente\/wp-json\/wp\/v2\/tags?post=25192"}],"curies":[{"name":"wp","href":"https:\/\/api.w.org\/{rel}","templated":true}]}}