{"id":25189,"date":"2015-05-06T13:20:58","date_gmt":"2015-05-06T18:20:58","guid":{"rendered":"http:\/\/www.ambiente.gob.ec\/?p=25189"},"modified":"2015-05-06T16:59:35","modified_gmt":"2015-05-06T21:59:35","slug":"mae-lidera-campana-de-reforestacion-para-alcanzar-un-record-guinness","status":"publish","type":"post","link":"https:\/\/www.ambienteyenergia.gob.ec\/ambiente\/mae-lidera-campana-de-reforestacion-para-alcanzar-un-record-guinness\/","title":{"rendered":"MAE lidera campa\u00f1a de reforestaci\u00f3n para alcanzar un R\u00e9cord Guinness"},"content":{"rendered":"<p align=\"JUSTIFY\"><span style=\"font-family: Calibri,sans-serif;\">La Ministra de Ambiente de Ecuador, Lorena Tapia N., en rueda de prensa, junto a Iv\u00e1n Proa\u00f1o, representante del grupo Scouts Ecuador y Rodrigo Camacho, Presidente Ejecutivo de Nestle, realizaron el lanzamiento oficial de la campa\u00f1a de reforestaci\u00f3n masiva denominada Siembrat\u00f3n, que tiene como objetivo de imponer un nuevo R\u00e9cord Guinness por el mayor n\u00famero de personas sembrando \u00e1rboles nativos en un mismo instante.<\/span><\/p>\n<p align=\"JUSTIFY\"><span style=\"font-family: Calibri,sans-serif;\">Esta campa\u00f1a se la realizar\u00e1 el 16 de mayo pr\u00f3ximo, a partir de las 9:00, con la participaci\u00f3n de m\u00e1s de 35 mil voluntarios capacitados, entre ni\u00f1os, j\u00f3venes y adultos en m\u00e1s de 153 parroquias a nivel nacional. Durante la jornada de reforestaci\u00f3n se plantar\u00e1n m\u00e1s de 360 mil \u00e1rboles nativos como array\u00e1n, algarrobo, aliso, sauce, nogal, romerillo, entre otros.<\/span><\/p>\n<p align=\"JUSTIFY\"><span style=\"font-family: Calibri,sans-serif;\">Durante el evento de presentaci\u00f3n la m\u00e1xima Autoridad Ambiental reconoci\u00f3 que \u201ceste R\u00e9cord Mundial en reforestaci\u00f3n es un paso m\u00e1s que permitir\u00e1 el cumplimiento de nuestro objetivo nacional de que el Ecuador en el 2017 logre una Tasa de Deforestaci\u00f3n Cero, un hito nunca antes alcanzado en el pa\u00eds pues, por primera vez, las hect\u00e1reas de bosque conservadas y restauradas ser\u00e1n m\u00e1s que las perdidas entre el 2008 y el 2017\u201d<\/span><\/p>\n<p align=\"JUSTIFY\"><span style=\"font-family: Calibri,sans-serif;\">El inicio de esta jornada se llevar\u00e1 acabo en San Antonio de Pichincha, en el sector de Catequilla, lugar desde el que la Ministra Tapia dirigir\u00e1 personalmente las tareas que se desarrollar\u00e1n en m\u00e1s de 150 parroquias de todo el pa\u00eds.<\/span><\/p>\n<p align=\"JUSTIFY\"><span style=\"font-family: Calibri,sans-serif;\">Por su parte Iv\u00e1n Proa\u00f1o resalt\u00f3 esta iniciativa encabezada por el Ministerio del Ambiente al comentar que este trabajo \u201ces un sue\u00f1o que gracias al compromiso demostrado por las autoridades del Estado, poco a poco lo conseguiremos, con el \u00fanico objetivo de conservar el patrimonio natural de todos los ecuatorianos\u201d, finaliz\u00f3.<\/span><\/p>\n<p align=\"JUSTIFY\"><span style=\"font-family: Calibri,sans-serif;\">Adem\u00e1s, Rodrigo Camacho, como representante de la empresa privada indic\u00f3 que la inclusi\u00f3n de nuevos actores en materia ambiental permitir\u00e1 al Ecuador no solo obtener un R\u00e9cord Guinness, sino que ser\u00e1 un logr\u00f3 m\u00e1s que posicionar\u00e1 al pa\u00eds a nivel internacional, como un referente ambiental.<\/span><\/p>\n<p align=\"JUSTIFY\"><span style=\"font-family: Calibri,sans-serif;\">Carlos Mart\u00ednez, Director de la Organizaci\u00f3n World R\u00e9cord Guinness para Am\u00e9rica Latina, mediante videoconferencia desde M\u00e9xico, felicit\u00f3 esta iniciativa del Gobierno Nacional que busca contribuir con la restauraci\u00f3n de ecosistemas a nivel nacional. \u201cEcuador, a trav\u00e9s de sus diferentes iniciativas en materia forestal busca fomentar la conservaci\u00f3n de espacios naturales que son de beneficio local y mundial\u201d. aclar\u00f3<\/span><\/p>\n<p align=\"JUSTIFY\"><span style=\"font-family: Calibri,sans-serif;\">Al finalizar la rueda de prensa se realiz\u00f3 una siembra simb\u00f3lica con representantes de los medios de comunicaci\u00f3n y asistentes al evento.<\/span><\/p>\n<p align=\"JUSTIFY\"><span style=\"font-family: Calibri,sans-serif;\">Conoce m\u00e1s sobre esta campa\u00f1a nacional, a trav\u00e9s de <a href=\"http:\/\/www.siembraton.ec\/\">www.siembraton.ec<\/a>\/ds<\/span><\/p>\n","protected":false},"excerpt":{"rendered":"<p class=\"excerpt\">La Ministra de Ambiente de Ecuador, Lorena Tapia N., en rueda de prensa, junto a Iv\u00e1n Proa\u00f1o, representante del grupo Scouts Ecuador y Rodrigo Camacho, Presidente Ejecutivo de Nestle, realizaron el lanzamiento oficial de la campa\u00f1a de reforestaci\u00f3n masiva denominada Siembrat\u00f3n, que tiene como objetivo de imponer un nuevo R\u00e9cord Guinness por el mayor n\u00famero de personas sembrando \u00e1rboles nativos&hellip; <a href=\"https:\/\/www.ambienteyenergia.gob.ec\/ambiente\/mae-lidera-campana-de-reforestacion-para-alcanzar-un-record-guinness\/\">Read more &rarr;<\/a><\/p>\n","protected":false},"author":13,"featured_media":25190,"comment_status":"open","ping_status":"open","sticky":false,"template":"","format":"standard","meta":{"footnotes":""},"categories":[16,4],"tags":[108,53,745,744],"class_list":["post-25189","post","type-post","status-publish","format-standard","has-post-thumbnail","hentry","category-comunicamos","category-noticias","tag-lorena-tapia","tag-mae","tag-reforestacion-masiva","tag-siembraton","xfolkentry"],"_links":{"self":[{"href":"https:\/\/www.ambienteyenergia.gob.ec\/ambiente\/wp-json\/wp\/v2\/posts\/25189","targetHints":{"allow":["GET"]}}],"collection":[{"href":"https:\/\/www.ambienteyenergia.gob.ec\/ambiente\/wp-json\/wp\/v2\/posts"}],"about":[{"href":"https:\/\/www.ambienteyenergia.gob.ec\/ambiente\/wp-json\/wp\/v2\/types\/post"}],"author":[{"embeddable":true,"href":"https:\/\/www.ambienteyenergia.gob.ec\/ambiente\/wp-json\/wp\/v2\/users\/13"}],"replies":[{"embeddable":true,"href":"https:\/\/www.ambienteyenergia.gob.ec\/ambiente\/wp-json\/wp\/v2\/comments?post=25189"}],"version-history":[{"count":0,"href":"https:\/\/www.ambienteyenergia.gob.ec\/ambiente\/wp-json\/wp\/v2\/posts\/25189\/revisions"}],"wp:featuredmedia":[{"embeddable":true,"href":"https:\/\/www.ambienteyenergia.gob.ec\/ambiente\/wp-json\/wp\/v2\/media\/25190"}],"wp:attachment":[{"href":"https:\/\/www.ambienteyenergia.gob.ec\/ambiente\/wp-json\/wp\/v2\/media?parent=25189"}],"wp:term":[{"taxonomy":"category","embeddable":true,"href":"https:\/\/www.ambienteyenergia.gob.ec\/ambiente\/wp-json\/wp\/v2\/categories?post=25189"},{"taxonomy":"post_tag","embeddable":true,"href":"https:\/\/www.ambienteyenergia.gob.ec\/ambiente\/wp-json\/wp\/v2\/tags?post=25189"}],"curies":[{"name":"wp","href":"https:\/\/api.w.org\/{rel}","templated":true}]}}