{"id":25187,"date":"2015-05-05T17:16:52","date_gmt":"2015-05-05T22:16:52","guid":{"rendered":"http:\/\/www.ambiente.gob.ec\/?p=25187"},"modified":"2015-05-05T17:16:52","modified_gmt":"2015-05-05T22:16:52","slug":"ecuador-sede-de-la-viii-reunion-de-la-celac","status":"publish","type":"post","link":"https:\/\/www.ambienteyenergia.gob.ec\/ambiente\/ecuador-sede-de-la-viii-reunion-de-la-celac\/","title":{"rendered":"Ecuador sede de la  VIII Reuni\u00f3n de la CELAC"},"content":{"rendered":"<p align=\"JUSTIFY\">La Ministra del Ambiente, Lorena Tapia particip\u00f3 en la VIII Reuni\u00f3n de Cancilleres de la Comunidad de Estados Latinoamericanos y Caribe\u00f1os (CELAC) que se inaugur\u00f3 este martes 5 de mayo en la ciudad de Quito; donde delegados de 33 pa\u00edses dialogaron sobre la importancia de generar acciones para contrarrestar los efectos del cambio clim\u00e1tico.<\/p>\n<p align=\"JUSTIFY\">El encuentro tuvo como objetivo elaborar la Agenda 2020 que contempla 5 ejes de trabajo a mediano plazo, en temas relacionados a la reducci\u00f3n de la pobreza extrema y desigualdad; educaci\u00f3n; ciencia, tecnolog\u00eda e innovaci\u00f3n; medio ambiente y cambio clim\u00e1tico; infraestructura y conectividad, y financiamiento para el desarrollo.<\/p>\n<p align=\"JUSTIFY\">La preocupaci\u00f3n regional con respecto al tema ambiental se proyecta en el fortalecimiento de estrategias conjuntas, que ser\u00e1n presentadas dentro de las negociaciones internacionales que se generar\u00e1n en la Conferencia de las Naciones Unidas sobre el Cambio Clim\u00e1tico, a finales de este a\u00f1o en la ciudad de Par\u00eds.<\/p>\n<p align=\"JUSTIFY\">En este marco, Ecuador busca que los pa\u00edses en v\u00edas de desarrollo se comprometan en plantear soluciones frente al calentamiento global; y al mismo tiempo que los pa\u00edses industrializados asuman sus responsabilidades en cuanto a la contaminaci\u00f3n generada durante muchos a\u00f1os atr\u00e1s.<\/p>\n<p align=\"JUSTIFY\">Una de las posturas ya planteadas es el exigir un acuerdo jur\u00eddicamente vinculante que obligue a los pa\u00edses desarrollados a cumplir las metas de reducci\u00f3n de emisiones de gases de efecto invernadero. Adem\u00e1s, de concretar el financiamiento para el desarrollo y la lucha contra el Cambio Clim\u00e1tico.<\/p>\n<p align=\"JUSTIFY\">El Ecuador es un pa\u00eds que tiene el 0.1% de responsabilidad en el cambio clim\u00e1tico; sin embargo, se ha posicionado como un ejemplo a nivel mundial en iniciativas y estrategias que protegen el medio ambiente; cuenta con 25 proyectos registrados con una reducci\u00f3n de 1 mill\u00f3n de toneladas de CO2 aproximadamente.<\/p>\n<p align=\"JUSTIFY\">La propuesta de la Agenda 2020 de la CELAC busca la cooperaci\u00f3n intraregional y la priorizaci\u00f3n de las necesidades de los Estados m\u00e1s vulnerables, para alcanzar estrategias regionales a corto, mediano y largo plazo.\/mh-ds<\/p>\n","protected":false},"excerpt":{"rendered":"<p class=\"excerpt\">La Ministra del Ambiente, Lorena Tapia particip\u00f3 en la VIII Reuni\u00f3n de Cancilleres de la Comunidad de Estados Latinoamericanos y Caribe\u00f1os (CELAC) que se inaugur\u00f3 este martes 5 de mayo en la ciudad de Quito; donde delegados de 33 pa\u00edses dialogaron sobre la importancia de generar acciones para contrarrestar los efectos del cambio clim\u00e1tico. El encuentro tuvo como objetivo elaborar&hellip; <a href=\"https:\/\/www.ambienteyenergia.gob.ec\/ambiente\/ecuador-sede-de-la-viii-reunion-de-la-celac\/\">Read more &rarr;<\/a><\/p>\n","protected":false},"author":13,"featured_media":24924,"comment_status":"open","ping_status":"open","sticky":false,"template":"","format":"standard","meta":{"footnotes":""},"categories":[16,4],"tags":[743,133,742,108,53],"class_list":["post-25187","post","type-post","status-publish","format-standard","has-post-thumbnail","hentry","category-comunicamos","category-noticias","tag-agenda-2020","tag-cambio-climatico","tag-celac","tag-lorena-tapia","tag-mae","xfolkentry"],"_links":{"self":[{"href":"https:\/\/www.ambienteyenergia.gob.ec\/ambiente\/wp-json\/wp\/v2\/posts\/25187","targetHints":{"allow":["GET"]}}],"collection":[{"href":"https:\/\/www.ambienteyenergia.gob.ec\/ambiente\/wp-json\/wp\/v2\/posts"}],"about":[{"href":"https:\/\/www.ambienteyenergia.gob.ec\/ambiente\/wp-json\/wp\/v2\/types\/post"}],"author":[{"embeddable":true,"href":"https:\/\/www.ambienteyenergia.gob.ec\/ambiente\/wp-json\/wp\/v2\/users\/13"}],"replies":[{"embeddable":true,"href":"https:\/\/www.ambienteyenergia.gob.ec\/ambiente\/wp-json\/wp\/v2\/comments?post=25187"}],"version-history":[{"count":0,"href":"https:\/\/www.ambienteyenergia.gob.ec\/ambiente\/wp-json\/wp\/v2\/posts\/25187\/revisions"}],"wp:featuredmedia":[{"embeddable":true,"href":"https:\/\/www.ambienteyenergia.gob.ec\/ambiente\/wp-json\/wp\/v2\/media\/24924"}],"wp:attachment":[{"href":"https:\/\/www.ambienteyenergia.gob.ec\/ambiente\/wp-json\/wp\/v2\/media?parent=25187"}],"wp:term":[{"taxonomy":"category","embeddable":true,"href":"https:\/\/www.ambienteyenergia.gob.ec\/ambiente\/wp-json\/wp\/v2\/categories?post=25187"},{"taxonomy":"post_tag","embeddable":true,"href":"https:\/\/www.ambienteyenergia.gob.ec\/ambiente\/wp-json\/wp\/v2\/tags?post=25187"}],"curies":[{"name":"wp","href":"https:\/\/api.w.org\/{rel}","templated":true}]}}